{"id":774,"date":"2015-03-08T18:00:25","date_gmt":"2015-03-08T18:00:25","guid":{"rendered":"http:\/\/www.cafur.es\/blog\/?p=774"},"modified":"2015-03-08T18:00:25","modified_gmt":"2015-03-08T18:00:25","slug":"arc-de-triomf","status":"publish","type":"post","link":"https:\/\/skills-crush.com\/cafur\/arc-de-triomf\/","title":{"rendered":"Edificis amb hist\u00f2ria: L&#8217; Arc de Triomf"},"content":{"rendered":"<p><a href=\"http:\/\/www.48hopenhousebarcelona.org\/\"><img fetchpriority=\"high\" decoding=\"async\" class=\"aligncenter size-full wp-image-797\" src=\"http:\/\/www.cafur.es\/blog\/wp-content\/uploads\/2015\/03\/Logo-blau-horitzontal.png\" alt=\"arc de triomf\" width=\"792\" height=\"230\" \/><\/a><\/p>\n<p style=\"text-align: right;\"><em>Secci\u00f3 presentada per 48H OpenHouse Barcelona<\/em><\/p>\n<p>&nbsp;<\/p>\n<p><strong>ARC DE TRIOMF<\/strong><\/p>\n<p>C LLU\u00cdS COMPANYS &#8211; PG SANT JOAN &#8211; RDA SANT PERE<\/p>\n<p>Josep Vilaseca i Casanovas, arquitecte<\/p>\n<p>1888<\/p>\n<p><strong><em>Diuen que, a causa de les grans dimensions del monument (29,80 m d\u2019al\u00e7ada i 27,70 m d\u2019amplada), l\u2019arquitecte Josep Vilaseca tenia por que l\u2019arc caigu\u00e9s quan es retiressin les bastides. En un acte de confian\u00e7a, el seu amic Gaiet\u00e0 Buigas es va oferir per situar-se sota quan aquestes haguessin de ser retirades. Afortunadament, tot estava ben calculat i l\u2019Arc de Triomf no va haver de ser restaurat fins el 1989.<\/em><\/strong><\/p>\n<p>&nbsp;<\/p>\n<p>L\u2019Arc de Triomf delimitava l\u2019entrada al Sal\u00f3 de Sant Joan de l\u2019Exposici\u00f3 Universal de Barcelona el 1888. L\u2019\u00fas del llenguatge dels arcs de triomf tradicionalment s\u2019atribu\u00efa al reconeixement de les gl\u00f2ries militars, per\u00f2, en aquest cas, es va utilitzar com a s\u00edmbol d\u2019exaltaci\u00f3 patri\u00f2tica i de progr\u00e9s, amb un esperit reivindicatiu d\u2019una Catalunya oberta a la Contemporane\u00eftat. Aquests conceptes quedaven refor\u00e7ats amb la simbologia de l\u2019escultura en cadascuna de les fa\u00e7anes del monument. Aix\u00ed, les escultures de les dues fa\u00e7anes principals (tot i l\u2019escut borb\u00f2nic flanquejat per dos lleons) presentaven l\u2019esdeveniment de l\u2019Exposici\u00f3 Universal, mentre que les dels laterals exaltaven i glorificaven el progr\u00e9s.<\/p>\n<p>&nbsp;<\/p>\n<p>La fa\u00e7ana d\u2019entrada (obra de Josep Reyn\u00e9s titulada \u201cAdhesi\u00f3 a les Nacions\u201d) commemora el fet que la ciutat, amb la celebraci\u00f3 de l\u2019Exposici\u00f3 Universal, va acollir els diferents estats. La fa\u00e7ana oposada (Josep Llimona &#8211; \u201cLa Recompensa\u201d) representa el repartiment de retribucions dels participants a l\u2019Exposici\u00f3. El lateral dret (Antoni Vilanova &#8211; \u201cApoteosi de l\u2019agricultura, la ind\u00fastria i el comer\u00e7\u201d) explica l\u2019esperit de progr\u00e9s material i espiritual del programa de l\u2019Exposici\u00f3 Universal a trav\u00e9s de l\u2019agricultura, font de la felicitat dels pobles i mare de l\u2019abund\u00e0ncia, i de la ind\u00fastria i el comer\u00e7, en representaci\u00f3 del desenvolupament social del moment. Finalment, el lateral esquerre (Torquat Tasso \u2013 \u201cApoteosi de les ci\u00e8ncies i les arts\u201d) magnifica les arts pl\u00e0stiques, la m\u00fasica, la poesia i la ci\u00e8ncia amb imatges com la figura d\u2019Apol.lo, D\u00e9u del sol i la bellesa, la flama, s\u00edmbol del progr\u00e9s que porta la ci\u00e8ncia, una paleta de pintura i l\u2019aparici\u00f3 d\u2019un temple en baix relleu en refer\u00e8ncia a l\u2019arquitectura.<\/p>\n<p>&nbsp;<\/p>\n<p>Tot el conjunt queda unificat mitjan\u00e7ant escultures a les cantonades de Fames alades, s\u00edmbol de la pres\u00e8ncia de Barcelona arreu del m\u00f3n, i un fris d\u2019estrelles de cinc puntes que simbolitzen l\u2019educaci\u00f3 i l\u2019alliberament dels individus i dels pobles.<\/p>\n<p>&nbsp;<\/p>\n<p>Des de dalt de l\u2019Arc de Triomf s\u2019observa una clara visual de la ciutat de muntanya a mar. F\u00edsicament aquesta connexi\u00f3 avui no \u00e9s possible perqu\u00e8 queda obstru\u00efda pel Zoo i les vies de tren en la seva zona mar\u00edtima, per\u00f2 est\u00e0 contemplada en el Pla Director de la Ciutadella del 2004. Segurament la ciutat milloraria si els ciutadans pogu\u00e9ssim gaudir d\u2019un passeig comen\u00e7ant per dalt de tot del nou Passeig de Sant Joan, passant per sota de l\u2019Arc de Triomf, rodejant el monument a Rius i Taulet, creuant el Parc de la Ciutadella, saltant les vies de tren i arribant finalment al mar.<\/p>\n<p>&nbsp;<\/p>\n<p>Com visitar l\u2019edifici:<\/p>\n<p>Aprofiteu l\u2019oportunitat que ofereix el cap de setmana 48h Open House BCN a finals d\u2019octubre de cada any: <a href=\"http:\/\/www.48hopenhousebarcelona.org\/\">http:\/\/www.48hopenhousebarcelona.org\/<\/a><\/p>\n","protected":false},"excerpt":{"rendered":"<p>Secci\u00f3 presentada per 48H OpenHouse Barcelona &nbsp; ARC DE TRIOMF C LLU\u00cdS COMPANYS &#8211; PG SANT JOAN &#8211; RDA SANT PERE Josep Vilaseca i Casanovas, arquitecte 1888 Diuen que, a causa de les grans dimensions del monument (29,80 m d\u2019al\u00e7ada i 27,70 m d\u2019amplada), l\u2019arquitecte Josep Vilaseca tenia por que l\u2019arc caigu\u00e9s quan es retiressin [&hellip;]<\/p>\n","protected":false},"author":1,"featured_media":794,"comment_status":"closed","ping_status":"open","sticky":false,"template":"","format":"standard","meta":{"footnotes":""},"categories":[61],"tags":[19,29],"class_list":["post-774","post","type-post","status-publish","format-standard","has-post-thumbnail","hentry","category-edifici-del-mes","tag-arquitectura","tag-barcelona"],"_links":{"self":[{"href":"https:\/\/skills-crush.com\/cafur\/wp-json\/wp\/v2\/posts\/774","targetHints":{"allow":["GET"]}}],"collection":[{"href":"https:\/\/skills-crush.com\/cafur\/wp-json\/wp\/v2\/posts"}],"about":[{"href":"https:\/\/skills-crush.com\/cafur\/wp-json\/wp\/v2\/types\/post"}],"author":[{"embeddable":true,"href":"https:\/\/skills-crush.com\/cafur\/wp-json\/wp\/v2\/users\/1"}],"replies":[{"embeddable":true,"href":"https:\/\/skills-crush.com\/cafur\/wp-json\/wp\/v2\/comments?post=774"}],"version-history":[{"count":0,"href":"https:\/\/skills-crush.com\/cafur\/wp-json\/wp\/v2\/posts\/774\/revisions"}],"wp:featuredmedia":[{"embeddable":true,"href":"https:\/\/skills-crush.com\/cafur\/wp-json\/"}],"wp:attachment":[{"href":"https:\/\/skills-crush.com\/cafur\/wp-json\/wp\/v2\/media?parent=774"}],"wp:term":[{"taxonomy":"category","embeddable":true,"href":"https:\/\/skills-crush.com\/cafur\/wp-json\/wp\/v2\/categories?post=774"},{"taxonomy":"post_tag","embeddable":true,"href":"https:\/\/skills-crush.com\/cafur\/wp-json\/wp\/v2\/tags?post=774"}],"curies":[{"name":"wp","href":"https:\/\/api.w.org\/{rel}","templated":true}]}}