{"id":743,"date":"2015-02-20T09:58:15","date_gmt":"2015-02-20T09:58:15","guid":{"rendered":"http:\/\/www.cafur.es\/blog\/?p=743"},"modified":"2015-02-20T09:58:15","modified_gmt":"2015-02-20T09:58:15","slug":"finalistes-del-premi-mies-van-der-rohe","status":"publish","type":"post","link":"https:\/\/skills-crush.com\/cafur\/finalistes-del-premi-mies-van-der-rohe\/","title":{"rendered":"Estudis amb seu a Catalunya entre els finalistes del Premi Mies van der Rohe"},"content":{"rendered":"<p>S&#8217; han anunciat recentement, per part de la Comissi\u00f3 Europea i la Fundaci\u00f3 Mies van der Rohe les 40 obres finalistes que han estat seleccionades per competir pel <strong>Premi d\u2019Arquitectura Contempor\u00e0nia de la Uni\u00f3 Europea<\/strong> \u2013 <a href=\"http:\/\/www.miesarch.com\/\">Premi Mies van der Rohe 2015<\/a>.<\/p>\n<p>Entre aquestes obres seleccionades (\u00a0<a href=\"http:\/\/www.miesarch.com\/index.php?option=com_mipress2&amp;Itemid=17&amp;cerca=&amp;autor=-1&amp;officina=-1&amp;tipologia=-1&amp;classificacio=2&amp;pais=-1&amp;lang=en\">veure-les aqu\u00ed<\/a>\u00a0) destaquen projectes de quatre estudis localitzats a Catalunya, dos dels quals a Barcelona.<\/p>\n<p><img fetchpriority=\"high\" decoding=\"async\" class=\"aligncenter size-full wp-image-745\" src=\"http:\/\/www.cafur.es\/blog\/wp-content\/uploads\/2015\/02\/2015-02febrer-20-miesvanderrohe-mies4estudisshortlisted2015.png\" alt=\"premis mies van der rohe\" width=\"801\" height=\"623\" \/><\/p>\n<p>Les obres seleccionades s\u00f3n:<\/p>\n<ul>\n<li><a href=\"http:\/\/www.miesarch.com\/index.php?option=com_mipress2&amp;Itemid=17&amp;cerca=Casa+luz&amp;autor=-1&amp;officina=-1&amp;tipologia=-1&amp;classificacio=-1&amp;pais=-1\">Casa Luz<\/a> a Cilleros, Espanya, Estudi: <a href=\"https:\/\/arquitecturag.wordpress.com\/\">Arquitectura-G<\/a>.<\/li>\n<li><a href=\"http:\/\/miesarch.com\/index2.php?option=com_content&amp;view=article&amp;id=10&amp;Itemid=16&amp;obraid=3169\">Equipament P\u00fablic: Parc urb\u00e0 i centre de Transports, Logro\u00f1o. Estudi: \u00c1balos + Sentkiewicz Arquitectos i Arquitectura Agronomia, amb seu a Barcelona.<\/a><\/li>\n<li><a href=\"http:\/\/www.miesarch.com\/index.php?option=com_mipress2&amp;Itemid=17&amp;cerca=Soulages&amp;autor=-1&amp;officina=-1&amp;tipologia=-1&amp;classificacio=-1&amp;pais=-1\">Museu Soulages<\/a> a Rodez, Fran\u00e7a, Estudi: <a href=\"http:\/\/www.rcrarquitectes.es\/\">RCR Arquitectes<\/a>.<\/li>\n<li><a href=\"http:\/\/www.miesarch.com\/index.php?option=com_mipress2&amp;Itemid=17&amp;cerca=Szczecin&amp;autor=-1&amp;officina=-1&amp;tipologia=-1&amp;classificacio=-1&amp;pais=-1\">Filarm\u00f2nica de Szczecin<\/a>, Pol\u00f2nia, Estudis: <a href=\"http:\/\/www.barozziveiga.com\/\">Barozzi i Veiga<\/a> i Studio A4.<\/li>\n<\/ul>\n<p>En total, <a href=\"http:\/\/www.miesarch.com\/index.php?option=com_mipress&amp;Itemid=17&amp;lang=en\">420 obres<\/a> han estat nominades al premi en la fase pr\u00e8via: 11 de les obres seleccionades en la primera tria estan ubicades a Catalunya, cinc de les quals a la ciutat de Barcelona. Onze m\u00e9s han estat constru\u00efdes per estudis catalans fora del territori catal\u00e0.<\/p>\n<p>Rep\u00e0s de les obres presentades i seleccionades , al blog HABITAT URB\u00c0:\u00a0<a href=\"http:\/\/habitaturba.bcn.cat\/blog\/recorregut-per-les-obres-de-barcelona-nominades-en-ledicio-2015-del-premi-europeu-darquitectura-mies-van-de-rohe\/#.VNoa08a-xYc\">aqu\u00ed<\/a>.<\/p>\n<p>Fins al 19 de mar\u00e7, l\u2019exposici\u00f3 amb les 420 obres nominades es pot visitar a l\u2019ETSAB (m\u00e9s informaci\u00f3, <a href=\"http:\/\/www.upc.edu\/saladepremsa\/al-dia\/mes-noticies\/les-420-obres-presentades-al-premi-mies-van-der-rohe-2015-s2019exposen-a-l2019etsab\">aqu\u00ed<\/a>).<\/p>\n<p>&nbsp;<\/p>\n<p>Cr\u00e8dit de les fotografies:<\/p>\n<p>A dalt a l\u2019esquerra, Museu Soulages, d\u2019RCR Arquitectes. Foto: Pep Pou. A sota, Parc Urb\u00e0 a Logro\u00f1o, d\u2019\u00c1balos + Sentkiewicz i Agronomia. Foto: Jos\u00e9 Hevia. A dalt, a la dreta, Filarmo\u0300nica de Szczecin de Barozzi\/Veiga. Foto: Simon Menges. A sota: Casa Luz, d\u2019Arquitectura-G. Foto: Jos\u00e9 Hevia.<\/p>\n<p>Contingut extret del blog <a title=\"premis mies van der rohe\" href=\"http:\/\/habitaturba.bcn.cat\/blog\" target=\"_blank\">HABITAT URB\u00c0, de l&#8217; Ajuntament de Barcelona<\/a><\/p>\n","protected":false},"excerpt":{"rendered":"<p>S&#8217; han anunciat recentement, per part de la Comissi\u00f3 Europea i la Fundaci\u00f3 Mies van der Rohe les 40 obres finalistes que han estat seleccionades per competir pel Premi d\u2019Arquitectura Contempor\u00e0nia de la Uni\u00f3 Europea \u2013 Premi Mies van der Rohe 2015. Entre aquestes obres seleccionades (\u00a0veure-les aqu\u00ed\u00a0) destaquen projectes de quatre estudis localitzats a [&hellip;]<\/p>\n","protected":false},"author":1,"featured_media":747,"comment_status":"closed","ping_status":"open","sticky":false,"template":"","format":"standard","meta":{"footnotes":""},"categories":[21],"tags":[19],"class_list":["post-743","post","type-post","status-publish","format-standard","has-post-thumbnail","hentry","category-tendencies-arquitectura-interiorisme-decoracio","tag-arquitectura"],"_links":{"self":[{"href":"https:\/\/skills-crush.com\/cafur\/wp-json\/wp\/v2\/posts\/743","targetHints":{"allow":["GET"]}}],"collection":[{"href":"https:\/\/skills-crush.com\/cafur\/wp-json\/wp\/v2\/posts"}],"about":[{"href":"https:\/\/skills-crush.com\/cafur\/wp-json\/wp\/v2\/types\/post"}],"author":[{"embeddable":true,"href":"https:\/\/skills-crush.com\/cafur\/wp-json\/wp\/v2\/users\/1"}],"replies":[{"embeddable":true,"href":"https:\/\/skills-crush.com\/cafur\/wp-json\/wp\/v2\/comments?post=743"}],"version-history":[{"count":0,"href":"https:\/\/skills-crush.com\/cafur\/wp-json\/wp\/v2\/posts\/743\/revisions"}],"wp:featuredmedia":[{"embeddable":true,"href":"https:\/\/skills-crush.com\/cafur\/wp-json\/"}],"wp:attachment":[{"href":"https:\/\/skills-crush.com\/cafur\/wp-json\/wp\/v2\/media?parent=743"}],"wp:term":[{"taxonomy":"category","embeddable":true,"href":"https:\/\/skills-crush.com\/cafur\/wp-json\/wp\/v2\/categories?post=743"},{"taxonomy":"post_tag","embeddable":true,"href":"https:\/\/skills-crush.com\/cafur\/wp-json\/wp\/v2\/tags?post=743"}],"curies":[{"name":"wp","href":"https:\/\/api.w.org\/{rel}","templated":true}]}}