{"id":4905,"date":"2025-05-22T12:44:54","date_gmt":"2025-05-22T10:44:54","guid":{"rendered":"https:\/\/www.cafur.es\/blog\/?p=4901"},"modified":"2025-10-23T18:25:51","modified_gmt":"2025-10-23T18:25:51","slug":"viure-al-camp-guia-de-pros-contres-i-recomanacions","status":"publish","type":"post","link":"https:\/\/skills-crush.com\/cafur\/viure-al-camp-guia-de-pros-contres-i-recomanacions\/","title":{"rendered":"Viure al camp: guia de pros, contres i recomanacions"},"content":{"rendered":"\n<h3 class=\"wp-block-heading\">Viure al camp: per qu\u00e8 cada vegada m\u00e9s gent marxa de la ciutat<\/h3>\n\n\n\n<p>Els darrers anys, molts (segur que alg\u00fan dels nostres lector forma part d&#8217;aquest grup) han comen\u00e7at a q\u00fcestionar si el <strong>&#8220;ritme&#8221;<\/strong> de vida urb\u00e0 ( sorolls, presses, turistes, preus elevats, etc&#8230;) , compensa la qualitat de vida que ofereix. \u00c9s una frase molt t\u00edpica per\u00f2 \u00e9s molt present en l&#8217;actualitat.<\/p>\n\n\n\n<p>Aquest fet, molt comentat els darrers anys per tothom, ha portat a un<strong> moviment creixent cap al camp<\/strong>, una tend\u00e8ncia que va accelerar-se durant i despr\u00e9s de la pand\u00e8mia. El que abans de les mascaretes i el teletreball for\u00e7at semblava una fantasia rom\u00e0ntica ara \u00e9s una opci\u00f3 real que moltes persones estan considerant seriosament.<\/p>\n\n\n\n<h3 class=\"wp-block-heading\">Beneficis reals d\u2019anar a viure al camp, segur que s\u00ed.<\/h3>\n\n\n\n<p>Els avantatges s\u00f3n molts i diversos. Un dels m\u00e9s evidents \u00e9s la connexi\u00f3 amb la natura, que no nom\u00e9s aporta benestar emocional sin\u00f3 tamb\u00e9 beneficis f\u00edsics: aire m\u00e9s pur, menys contaminaci\u00f3 ac\u00fastica i m\u00e9s espai per moure\u2019s. A nivell mental, reduir els est\u00edmuls artificials i recuperar el silenci ajuda a baixar l\u2019estr\u00e8s i millorar la concentraci\u00f3.<\/p>\n\n\n\n<p>Tamb\u00e9 es guanya en autonomia i capacitat de decisi\u00f3: triar com vols viure, qu\u00e8 vols consumir i amb quina intensitat vols relacionar-te amb el teu entorn. I, sovint, tamb\u00e9 s\u2019obt\u00e9 una millor relaci\u00f3 qualitat-preu en l\u2019habitatge.<\/p>\n\n\n\n<h3 class=\"wp-block-heading\">&nbsp;<\/h3>\n\n\n\n<h3 class=\"wp-block-heading\">Els inconvenients que cal tenir en compte perque n&#8217;hi ha.<\/h3>\n\n\n\n<p>Tot i els avantatges, la vida al camp no \u00e9s per a tothom. L\u2019a\u00efllament, la manca de serveis immediats i la necessitat d\u2019un vehicle propi poden suposar un repte. A m\u00e9s, cal adaptar-se a un ritme diferent, m\u00e9s pausat per\u00f2 tamb\u00e9 menys din\u00e0mic, especialment si s\u2019est\u00e0 acostumat a tenir-ho tot a m\u00e0.<\/p>\n\n\n\n<p>La idealitzaci\u00f3 del camp pot provocar frustraci\u00f3. No tot \u00e9s id\u00edl\u00b7lic: hi ha problemes de connectivitat, gestions administratives m\u00e9s lentes i dificultats per accedir a certs serveis de salut, educaci\u00f3 o cultura.<\/p>\n\n\n\n<p>&nbsp;<\/p>\n\n\n\n<h3 class=\"wp-block-heading\">Guia pr\u00e0ctica per preparar el canvi&#8230;s\u00ed, preparar-se \u00e9s imprescindible<\/h3>\n\n\n\n<p>Fer el pas ha de ser una decisi\u00f3 meditada. Abans de tot, cal definir quin estil de vida es busca. Viure al camp no \u00e9s el mateix que teletreballar des d\u2019un poble tur\u00edstic. Per aix\u00f2:<\/p>\n\n\n\n<ul class=\"wp-block-list\">\n<li><p data-start=\"2156\" data-end=\"2229\">Fes una visita pr\u00e8via a la zona escollida, en diferents \u00e8poques de l\u2019any.<\/p><\/li>\n\n\n\n<li><p data-start=\"2232\" data-end=\"2331\">Comprova les infraestructures b\u00e0siques: connexi\u00f3 a internet, serveis m\u00e8dics, escoles, comer\u00e7 local.<\/p><\/li>\n\n\n\n<li><p data-start=\"2334\" data-end=\"2414\">Analitza com aconseguir\u00e0s ingressos: teletreball? projectes propis? feina local?<\/p><\/li>\n\n\n\n<li><p data-start=\"2417\" data-end=\"2530\">Valora el cost de vida real: potser l\u2019habitatge \u00e9s m\u00e9s barat, per\u00f2 el transport i la calefacci\u00f3 poden encarir-se.<\/p><\/li>\n<\/ul>\n\n\n\n<p><\/p>\n\n\n\n<h3 class=\"wp-block-heading\">Trucs i consells \u00fatils per adaptar-s\u2019hi millor<\/h3>\n\n\n\n<ul class=\"wp-block-list\">\n<li><p data-start=\"2586\" data-end=\"2670\"><strong data-start=\"2586\" data-end=\"2611\">Evita la improvisaci\u00f3<\/strong>: fer un pla detallat de trasllat ajuda a evitar sorpreses.<\/p><\/li>\n\n\n\n<li><p data-start=\"2673\" data-end=\"2754\"><strong data-start=\"2673\" data-end=\"2692\">Busca comunitat<\/strong>: participa en activitats locals, associa\u2019t, coneix els ve\u00efns.<\/p><\/li>\n\n\n\n<li><p data-start=\"2757\" data-end=\"2838\"><strong data-start=\"2757\" data-end=\"2776\">Sigues flexible<\/strong>: hi haur\u00e0 dies dif\u00edcils, per\u00f2 tamb\u00e9 oportunitats inesperades.<\/p><\/li>\n\n\n\n<li><p data-start=\"2841\" data-end=\"2905\"><strong data-start=\"2841\" data-end=\"2873\">Mant\u00e9n vincles amb la ciutat<\/strong>: per feina, cultura o amistats.<\/p><\/li>\n<\/ul>\n\n\n\n<p><\/p>\n\n\n\n<p>I si et planteges comprar o reformar un habitatge rural, busca el suport d\u2019un equip que conegui b\u00e9 el territori i t\u2019assessori legalment i t\u00e8cnicament en tot el proc\u00e9s. A CAFUR t\u2019hi podem ajudar.<\/p>\n\n\n\n<p>&nbsp;<\/p>\n\n\n\n<h3 class=\"wp-block-heading\">Viure al camp amb infants o en fam\u00edlia<\/h3>\n\n\n\n<p>Mudarse amb criatures canvia el gui\u00f3. Cal pensar en les escoles, la log\u00edstica di\u00e0ria i l\u2019adaptaci\u00f3 dels nens a un entorn diferent. Sovint, per\u00f2, el camp ofereix una inf\u00e0ncia m\u00e9s lliure, segura i connectada amb l\u2019entorn natural.<\/p>\n\n\n\n<p>Tamb\u00e9 pot afavorir una vida familiar m\u00e9s present i menys estressant. Per\u00f2, com tot, exigeix planificaci\u00f3 i una adaptaci\u00f3 progressiva. Avaluar si hi ha serveis educatius i sanitaris de proximitat ser\u00e0 clau.<\/p>\n\n\n\n<h3 class=\"wp-block-heading\">&nbsp;<\/h3>\n\n\n\n<h3 class=\"wp-block-heading\">I si no surt com esperaves? Alternatives n&#8217;hi ha<\/h3>\n\n\n\n<p>No sempre la mudan\u00e7a \u00e9s definitiva. Hi ha qui prova i decideix tornar. No \u00e9s un frac\u00e0s, sin\u00f3 part del proc\u00e9s. Tamb\u00e9 pots explorar opcions interm\u00e8dies, com viure en una petita poblaci\u00f3 propera a la ciutat, o establir una resid\u00e8ncia secund\u00e0ria al camp.<\/p>\n\n\n\n<p>Catalunya ofereix moltes possibilitats: des de zones com la Garrotxa o el Solson\u00e8s, fins a entorns rurals a prop de Barcelona com el Moian\u00e8s o el Vall\u00e8s Oriental. Cadascuna amb la seva personalitat i xarxa de serveis.<\/p>\n\n\n\n<p>&nbsp;<\/p>\n\n\n\n<h3 class=\"wp-block-heading\">Una reflexi\u00f3 final<\/h3>\n\n\n\n<p>Canviar la ciutat pel camp \u00e9s molt m\u00e9s que un trasllat f\u00edsic: \u00e9s una manera diferent d\u2019estar al m\u00f3n.<\/p>\n\n\n\n<p>No hi ha una f\u00f3rmula \u00fanica ni perfecta, per\u00f2 s\u00ed una necessitat compartida per molta gent: la de viure amb m\u00e9s sentit, m\u00e9s tranquil\u00b7litat i m\u00e9s prop\u00f2sit. Fer-ho amb els ulls oberts i una bona planificaci\u00f3 \u00e9s la millor manera d\u2019encertar.<\/p>\n\n\n\n<p>&nbsp;<\/p>\n\n\n\n<p>&nbsp;<\/p>\n\n\n\n<p><a href=\"https:\/\/thinkwasabi.com\/ganar-dejar-ciudad-por-campo\/\">https:\/\/thinkwasabi.com\/ganar-dejar-ciudad-por-campo\/<\/a><\/p>\n\n\n\n<p><a href=\"https:\/\/delaciudadalcampo.com\/\">https:\/\/delaciudadalcampo.com\/<\/a><\/p>\n\n\n\n<p><a href=\"https:\/\/rebive.com\/irse-a-vivir-al-campo\/\">https:\/\/rebive.com\/irse-a-vivir-al-campo\/<\/a><\/p>\n\n\n\n<p><a href=\"https:\/\/ecosdelbosque.co\/\">https:\/\/ecosdelbosque.co\/<\/a><\/p>\n\n\n\n<p><a href=\"https:\/\/www.codigonuevo.com\">https:\/\/www.codigonuevo.com<\/a><\/p>\n\n\n\n<p><a href=\"https:\/\/ruralizate.com\/\">https:\/\/ruralizate.com\/<\/a><\/p>\n\n\n\n<p>&nbsp;<\/p>\n","protected":false},"excerpt":{"rendered":"<p>Descobreix si deixar la ciutat per viure al camp \u00e9s per a tu. Analitzem avantatges, dificultats i consells pr\u00e0ctics per fer el canvi amb \u00e8xit. Guia detallada amb reflexi\u00f3 final.<\/p>\n","protected":false},"author":1,"featured_media":5146,"comment_status":"closed","ping_status":"open","sticky":false,"template":"","format":"standard","meta":{"footnotes":""},"categories":[21],"tags":[48,151],"class_list":["post-4905","post","type-post","status-publish","format-standard","has-post-thumbnail","hentry","category-tendencies-arquitectura-interiorisme-decoracio","tag-ecologia","tag-salut"],"_links":{"self":[{"href":"https:\/\/skills-crush.com\/cafur\/wp-json\/wp\/v2\/posts\/4905","targetHints":{"allow":["GET"]}}],"collection":[{"href":"https:\/\/skills-crush.com\/cafur\/wp-json\/wp\/v2\/posts"}],"about":[{"href":"https:\/\/skills-crush.com\/cafur\/wp-json\/wp\/v2\/types\/post"}],"author":[{"embeddable":true,"href":"https:\/\/skills-crush.com\/cafur\/wp-json\/wp\/v2\/users\/1"}],"replies":[{"embeddable":true,"href":"https:\/\/skills-crush.com\/cafur\/wp-json\/wp\/v2\/comments?post=4905"}],"version-history":[{"count":3,"href":"https:\/\/skills-crush.com\/cafur\/wp-json\/wp\/v2\/posts\/4905\/revisions"}],"predecessor-version":[{"id":5150,"href":"https:\/\/skills-crush.com\/cafur\/wp-json\/wp\/v2\/posts\/4905\/revisions\/5150"}],"wp:featuredmedia":[{"embeddable":true,"href":"https:\/\/skills-crush.com\/cafur\/wp-json\/wp\/v2\/media\/5146"}],"wp:attachment":[{"href":"https:\/\/skills-crush.com\/cafur\/wp-json\/wp\/v2\/media?parent=4905"}],"wp:term":[{"taxonomy":"category","embeddable":true,"href":"https:\/\/skills-crush.com\/cafur\/wp-json\/wp\/v2\/categories?post=4905"},{"taxonomy":"post_tag","embeddable":true,"href":"https:\/\/skills-crush.com\/cafur\/wp-json\/wp\/v2\/tags?post=4905"}],"curies":[{"name":"wp","href":"https:\/\/api.w.org\/{rel}","templated":true}]}}