{"id":4841,"date":"2025-03-24T14:11:28","date_gmt":"2025-03-24T12:11:28","guid":{"rendered":"https:\/\/www.cafur.es\/blog\/?p=4841"},"modified":"2025-10-24T01:31:19","modified_gmt":"2025-10-24T01:31:19","slug":"estacio-metro-gaudi","status":"publish","type":"post","link":"https:\/\/skills-crush.com\/cafur\/estacio-metro-gaudi\/","title":{"rendered":"Descobreix l&#8217;estaci\u00f3 de metro Gaud\u00ed: un dels secrets subterranis de Barcelona"},"content":{"rendered":"\n<p><span class=\"relative -mx-px my-[-0.2rem] rounded px-px py-[0.2rem]\">Al llarg dels darrers anys hem anat descobrint en aquest blog de CAFUR dotzenes de racons, edificis, carrers, places, curiositats, etc&#8230; Barcelona, es una ciutat que bull de cultura, plena d&#8217;hist\u00f2ria i prestigi. Per\u00f2 tamb\u00e9 de racons amagats. Amaga secrets fins i tot sota els nostres peus.<\/span> <span class=\"relative -mx-px my-[-0.2rem] rounded px-px py-[0.2rem]\">Un d&#8217;aquests secrets \u00e9s l&#8217;estaci\u00f3 de metro Gaud\u00ed, una parada que mai va veure passar cap tren amb passatgers i que s&#8217;ha convertit en una llegenda urbana entre els amants del misteri. Repetim, pels amants del misteri&nbsp;<\/span><\/p>\n\n\n\n<h2 class=\"wp-block-heading\"><strong data-start=\"0\" data-end=\"43\">La hist\u00f2ria de l&#8217;estaci\u00f3 que mai va ser<\/strong><\/h2>\n\n\n\n<p><span class=\"relative -mx-px my-[-0.2rem] rounded px-px py-[0.2rem]\">Ens situem a finals dels anys 60. Barcelona vivia, per variar, una \u00e8poca de transformaci\u00f3 urbana i expansi\u00f3 del seu transport p\u00fablic.<\/span><\/p>\n\n\n\n<p><span class=\"relative -mx-px my-[-0.2rem] rounded px-px py-[0.2rem]\">En aquells temps es va projectar la construcci\u00f3 de <strong>l&#8217;estaci\u00f3 de metro Gaud\u00ed<\/strong>, situada a la cru\u00eflla dels carrers Lepant i Rossell\u00f3, molt a prop de la Sagrada Fam\u00edlia.<\/span> <span class=\"relative -mx-px my-[-0.2rem] rounded px-px py-[0.2rem]\">Aquesta estaci\u00f3 havia de formar part de la <strong>L\u00ednia 2 (lila)<\/strong>, que connectaria Horta amb el Paral\u00b7lel, passant pel centre de la ciutat.<\/span> <span class=\"relative -mx-px my-[-0.2rem] rounded px-px py-[0.2rem]\">Les obres van comen\u00e7ar amb l&#8217;objectiu d&#8217;enlla\u00e7ar aquesta l\u00ednia amb la <strong>L\u00ednia 5<\/strong>, que en aquell moment s&#8217;estava construint per unir Collblanc amb el Clot.<\/span><\/p>\n\n\n\n<p><span class=\"relative -mx-px my-[-0.2rem] rounded px-px py-[0.2rem]\">Durant la construcci\u00f3, i com moltes vegades ha passat a la nostra ciutat quan es forada una mica, es van trobar amb dificultats inesperades. O no.<\/span><\/p>\n\n\n\n<p><span class=\"relative -mx-px my-[-0.2rem] rounded px-px py-[0.2rem]\">En arribar a l&#8217;<strong>avinguda de Gaud\u00ed,<\/strong> les obres van topar amb restes de l&#8217;<strong>antiga muralla de Barcelona<\/strong>, fet que va complicar el tra\u00e7at previst de la L\u00ednia 2.<\/span> <span class=\"relative -mx-px my-[-0.2rem] rounded px-px py-[0.2rem]\">A m\u00e9s, les limitacions pressupost\u00e0ries van obligar el Ministeri d&#8217;Obres P\u00fabliques a prendre decisions dr\u00e0stiques.<\/span> <span class=\"relative -mx-px my-[-0.2rem] rounded px-px py-[0.2rem]\">Es va optar per una soluci\u00f3 provisional: unir les dues l\u00ednies i operar-les com una de sola.<\/span> <span class=\"relative -mx-px my-[-0.2rem] rounded px-px py-[0.2rem]\">Aquesta decisi\u00f3, per\u00f2, no va tenir en compte que l&#8217;encreuament futur havia de ser a diferents nivells, la qual cosa va provocar que la uni\u00f3 provisional esdevingu\u00e9s definitiva.<\/span><\/p>\n\n\n\n<p><span class=\"relative -mx-px my-[-0.2rem] rounded px-px py-[0.2rem]\">Aix\u00ed, l&#8217;estaci\u00f3 Gaud\u00ed, tot i estar completament constru\u00efda amb andanes, vest\u00edbuls i accessos,<strong> va quedar en des\u00fas a causa de la seva proximitat amb l&#8217;estaci\u00f3 de Sagrada Fam\u00edlia.<\/strong><\/span><\/p>\n\n\n\n<p><span class=\"relative -mx-px my-[-0.2rem] rounded px-px py-[0.2rem]\">Tot i no haver estat mai inaugurada, l&#8217;estaci\u00f3 Gaud\u00ed \u00e9s considerada una de les estacions &#8220;fantasma&#8221; millor conservades de la xarxa de metro de Barcelona.<\/span> <span class=\"relative -mx-px my-[-0.2rem] rounded px-px py-[0.2rem]\">Durant anys, ha estat utilitzada per a diversos prop\u00f2sits, com ara estudis estad\u00edstics sobre el pas de trens, rodatges publicitaris i, en ocasions especials, s&#8217;ha il\u00b7luminat perqu\u00e8 els passatgers de la L\u00ednia 5 puguin entreveure les seves andanes des del tren.<\/span> <span class=\"relative -mx-px my-[-0.2rem] rounded px-px py-[0.2rem]\">A m\u00e9s, el vest\u00edbul superior ha servit com a seu de les associacions de treballadors jubilats de Transports Metropolitans de Barcelona (TMB).<\/span> \u200b<\/p>\n\n\n\n<p><span class=\"relative -mx-px my-[-0.2rem] rounded px-px py-[0.2rem]\">Podriem dir, sense por a ser repetitius, que l&#8217;estaci\u00f3 Gaud\u00ed \u00e9s un testimoni silenci\u00f3s de les complexitats i desafiaments que comporta la planificaci\u00f3 urbana i el desenvolupament de les infraestructures de transport. A qui no li sona una obra d&#8217;una l\u00ednia de metro que porta m\u00e9s de 20 anys ?&nbsp;<\/span><\/p>\n\n\n\n<p><span class=\"relative -mx-px my-[-0.2rem] rounded px-px py-[0.2rem]\">La hist\u00f2ria no para de recordar-nos que, fins i tot en projectes ben planificats, poden sorgir imprevistos que alterin els plans inicials, deixant empremtes ocultes sota els carrers de la ciutat. I empremtes ben visibles en els pressupostos de les administracions.<\/span><\/p>\n\n\n\n<h2 class=\"wp-block-heading\"><strong data-start=\"763\" data-end=\"809\">Les altres estacions fantasma de Barcelona<\/strong><\/h2>\n\n\n\n<p><span class=\"relative -mx-px my-[-0.2rem] rounded px-px py-[0.2rem]\">L&#8217;estaci\u00f3 Gaud\u00ed <strong>no \u00e9s l&#8217;\u00fanica<\/strong> parada fantasma de la ciutat.<\/span> <span class=\"relative -mx-px my-[-0.2rem] rounded px-px py-[0.2rem]\">Barcelona compta amb diverses estacions en des\u00fas, cadascuna amb la seva pr\u00f2pia hist\u00f2ria:<\/span><\/p>\n\n\n\n<p><strong data-start=\"225\" data-end=\"247\">Estaci\u00f3 de Correus<\/strong><\/p>\n\n\n\n<p><span class=\"relative -mx-px my-[-0.2rem] rounded px-px py-[0.2rem]\">Inaugurada el 20 de febrer de 1934, l&#8217;estaci\u00f3 de Correus es trobava a la l\u00ednia 3 del Gran Metro de Barcelona, en el ramal que connectava Jaume I amb Correus.<\/span> <span class=\"relative -mx-px my-[-0.2rem] rounded px-px py-[0.2rem]\">Situada sota la Via Laietana, just davant de l&#8217;edifici de Correus, aquesta estaci\u00f3 va servir com a terminal d&#8217;aquest ramal fins al seu tancament el 20 de mar\u00e7 de 1972.<\/span> <span class=\"relative -mx-px my-[-0.2rem] rounded px-px py-[0.2rem]\">El motiu principal del seu clausura va ser la reestructuraci\u00f3 i prolongaci\u00f3 de la l\u00ednia 4 cap al barri de la Barceloneta, fet que va deixar l&#8217;estaci\u00f3 obsoleta.<\/span> <span class=\"relative -mx-px my-[-0.2rem] rounded px-px py-[0.2rem]\">Actualment, tot i estar en des\u00fas, l&#8217;estaci\u00f3 de Correus es mant\u00e9 en un estat de conservaci\u00f3 notable, amb elements originals com cartells publicitaris dels anys 70 encara visibles a les seves andanes.<\/span><\/p>\n\n\n\n<p><strong data-start=\"446\" data-end=\"467\">Estaci\u00f3 de Ferran<\/strong><\/p>\n\n\n\n<p><span class=\"relative -mx-px my-[-0.2rem] rounded px-px py-[0.2rem]\">L&#8217;estaci\u00f3 de Ferran, tamb\u00e9 coneguda com Fernando, va ser inaugurada el 15 d&#8217;abril de 1946 com a part de l&#8217;extensi\u00f3 de la l\u00ednia 3 entre Liceu i aquesta nova parada.<\/span> <span class=\"relative -mx-px my-[-0.2rem] rounded px-px py-[0.2rem]\">Situada sota la Rambla, a l&#8217;altura del carrer Ferran, aquesta estaci\u00f3 va operar durant nom\u00e9s 22 anys.<\/span> <span class=\"relative -mx-px my-[-0.2rem] rounded px-px py-[0.2rem]\">El 1 de mar\u00e7 de 1968, amb la prolongaci\u00f3 de la l\u00ednia cap a Drassanes i la necessitat de millorar la flu\u00efdesa del servei, es va decidir clausurar l&#8217;estaci\u00f3 de Ferran degut a la seva proximitat amb altres parades.<\/span> <span class=\"relative -mx-px my-[-0.2rem] rounded px-px py-[0.2rem]\">Actualment, les seves instal\u00b7lacions romanen tancades al p\u00fablic, per\u00f2 encara \u00e9s possible distingir-ne algunes parts des dels trens que circulen per la l\u00ednia 3.<\/span>\u200b<\/p>\n\n\n\n<p><strong data-start=\"672\" data-end=\"691\">Estaci\u00f3 de Banc<\/strong><\/p>\n\n\n\n<p><span class=\"relative -mx-px my-[-0.2rem] rounded px-px py-[0.2rem]\">L&#8217;estaci\u00f3 de Banc, tamb\u00e9 coneguda com Banco, \u00e9s una de les m\u00e9s enigm\u00e0tiques de la xarxa de metro de Barcelona.<\/span> <span class=\"relative -mx-px my-[-0.2rem] rounded px-px py-[0.2rem]\">Constru\u00efda el 1911 sota la Via Laietana, a l&#8217;altura de la pla\u00e7a d&#8217;Antonio Maura, aquesta estaci\u00f3 mai va arribar a obrir-se al p\u00fablic.<\/span> <span class=\"relative -mx-px my-[-0.2rem] rounded px-px py-[0.2rem]\">La seva ubicaci\u00f3, just sota l&#8217;edifici del Banco de Espa\u00f1a, va donar peu a diverses llegendes urbanes, com la suposada exist\u00e8ncia d&#8217;un t\u00fanel secret que connectava l&#8217;estaci\u00f3 amb el banc per al transport de diners.<\/span> <span class=\"relative -mx-px my-[-0.2rem] rounded px-px py-[0.2rem]\">Tot i que aquestes hist\u00f2ries no han estat confirmades, l&#8217;estaci\u00f3 de Banc ha estat utilitzada com a magatzem de material ferroviari des de 1926.<\/span> <span class=\"relative -mx-px my-[-0.2rem] rounded px-px py-[0.2rem]\">Actualment, les seves instal\u00b7lacions romanen tapiades i en des\u00fas, per\u00f2 la seva hist\u00f2ria continua despertant la curiositat de molts.<\/span><\/p>\n\n\n\n<p>&nbsp;<\/p>\n\n\n\n<p>&nbsp;<\/p>\n\n\n\n<p>Fonts:<\/p>\n\n\n\n<p><a href=\"https:\/\/es.wikipedia.org\/wiki\/Metro_de_Barcelona\">https:\/\/es.wikipedia.org\/wiki\/Metro_de_Barcelona<\/a><\/p>\n\n\n\n<p><span style=\"font-size: 12px;\"><span class=\"relative -mx-px my-[-0.2rem] rounded px-px py-[0.2rem]\">.<\/span>\u200b<span class=\"ml-1 inline-flex max-w-full items-center relative top-[-0.094rem]\"><a class=\"flex h-6 overflow-hidden rounded-xl px-2.5 text-[0.5625em] font-medium !bg-[#F4F4F4] !text-token-text-secondary dark:!bg-[#303030]\" href=\"https:\/\/es.wikipedia.org\/wiki\/L%C3%ADnea_5_%28Metro_de_Barcelona%29\" target=\"_blank\" rel=\"noopener\"><span class=\"relative bottom-0 left-0 flex h-full w-full items-center\"><span class=\"flex h-4 w-full items-center justify-between\"><span class=\"max-w-full grow overflow-hidden truncate text-center\">Wikipedia, la enciclopedia libre<\/span><span class=\"-mr-1 ml-1 flex h-full items-center rounded-full px-1 text-[#8F8F8F]\">+1<\/span><\/span><span class=\"flex h-4 w-full items-center justify-between absolute\"><span class=\"max-w-full grow overflow-hidden truncate text-center\">Wikipedia, la enciclopedia libre<\/span><\/span><\/span><\/a><\/span><\/span><\/p>\n\n\n\n<p><span style=\"font-size: 12px;\"><a href=\"http:\/\/www.directe.cat\/noticia\/9550\/lestacio-fantasma-del-metro-de-barcelona-mes-ben-conservada-es-la-de-gaudi-lunica-que-no-h-9550\" target=\"_blank\" rel=\"noopener\">http:\/\/www.directe.cat\/noticia\/9550\/lestacio-fantasma-del-metro-de-barcelona-mses-ben-conservada-es-la-de-gaudi-lunica-que-no-h-9550<\/a><\/span><\/p>\n\n\n\n<p><span style=\"font-size: 12px;\">Imatge \/ Oriol P\u00e0mies &#8211; Ignasi Pat\u00f3n &#8211; <a class=\"external free\" href=\"http:\/\/horapunta.tmb.cat\/seccio\/historia\/gaudi-lestacio-que-no-surt-al-planol-del-metro\" rel=\"nofollow\">http:\/\/horapunta.tmb.cat\/seccio\/historia\/gaudi-lestacio-que-no-surt-al-planol-del-metro<\/a>, <a title=\"Creative Commons Attribution 3.0 es\" href=\"https:\/\/creativecommons.org\/licenses\/by\/3.0\/es\/deed.en\">CC BY 3.0 es<\/a>, <a href=\"https:\/\/commons.wikimedia.org\/w\/index.php?curid=58389955\">Enlace<\/a><\/span><\/p>\n\n\n\n<p>&nbsp;<\/p>\n\n\n\n<p>Secci\u00f3: <a href=\"https:\/\/skills-crush.com\/cafur\/category\/barcelona-secrets-i-curiositats\/\">Barcelona secrets i curiositats<\/a><\/p>\n","protected":false},"excerpt":{"rendered":"<p>Sota els carrers de Barcelona s&#8217;amaga l&#8217;estaci\u00f3 de metro Gaud\u00ed, una parada que mai va veure passar cap tren amb passatgers. Descobreix la seva hist\u00f2ria i la d&#8217;altres estacions fantasma de la ciutat.<\/p>\n","protected":false},"author":1,"featured_media":5167,"comment_status":"closed","ping_status":"open","sticky":false,"template":"","format":"standard","meta":{"footnotes":""},"categories":[135],"tags":[29,34],"class_list":["post-4841","post","type-post","status-publish","format-standard","has-post-thumbnail","hentry","category-barcelona-secrets-i-curiositats","tag-barcelona","tag-curiositats"],"_links":{"self":[{"href":"https:\/\/skills-crush.com\/cafur\/wp-json\/wp\/v2\/posts\/4841","targetHints":{"allow":["GET"]}}],"collection":[{"href":"https:\/\/skills-crush.com\/cafur\/wp-json\/wp\/v2\/posts"}],"about":[{"href":"https:\/\/skills-crush.com\/cafur\/wp-json\/wp\/v2\/types\/post"}],"author":[{"embeddable":true,"href":"https:\/\/skills-crush.com\/cafur\/wp-json\/wp\/v2\/users\/1"}],"replies":[{"embeddable":true,"href":"https:\/\/skills-crush.com\/cafur\/wp-json\/wp\/v2\/comments?post=4841"}],"version-history":[{"count":1,"href":"https:\/\/skills-crush.com\/cafur\/wp-json\/wp\/v2\/posts\/4841\/revisions"}],"predecessor-version":[{"id":5168,"href":"https:\/\/skills-crush.com\/cafur\/wp-json\/wp\/v2\/posts\/4841\/revisions\/5168"}],"wp:featuredmedia":[{"embeddable":true,"href":"https:\/\/skills-crush.com\/cafur\/wp-json\/wp\/v2\/media\/5167"}],"wp:attachment":[{"href":"https:\/\/skills-crush.com\/cafur\/wp-json\/wp\/v2\/media?parent=4841"}],"wp:term":[{"taxonomy":"category","embeddable":true,"href":"https:\/\/skills-crush.com\/cafur\/wp-json\/wp\/v2\/categories?post=4841"},{"taxonomy":"post_tag","embeddable":true,"href":"https:\/\/skills-crush.com\/cafur\/wp-json\/wp\/v2\/tags?post=4841"}],"curies":[{"name":"wp","href":"https:\/\/api.w.org\/{rel}","templated":true}]}}