{"id":4835,"date":"2025-03-10T18:42:15","date_gmt":"2025-03-10T16:42:15","guid":{"rendered":"https:\/\/www.cafur.es\/blog\/?p=4835"},"modified":"2025-10-24T01:35:46","modified_gmt":"2025-10-24T01:35:46","slug":"reciclatge-domestic","status":"publish","type":"post","link":"https:\/\/skills-crush.com\/cafur\/reciclatge-domestic\/","title":{"rendered":"Recicla a casa i salva el planeta: la teva guia pr\u00e0ctica per marcar la difer\u00e8ncia"},"content":{"rendered":"\n<p>El reciclatge dom\u00e8stic \u00e9s una pr\u00e0ctica essencial per a la conservaci\u00f3 del medi ambient i la sostenibilitat del nostre planeta. Si no hi contribu\u00efm entre tots \u00e9s probable que les conseq\u00fc\u00e8ncies siguin molt greus. \u00c9s de sentit com\u00fa intentar reciclar de la millor manera possible i salvar l&#8217;\u00fanic planeta que tenim disponible: la Terra. A continuaci\u00f3, es presenta una guia detallada sobre com gestionar correctament els residus a la llar i comprendre el seu impacte ambiental.<\/p>\n\n\n\n<h2 class=\"wp-block-heading\"><strong data-start=\"347\" data-end=\"387\">1. Beneficis del reciclatge dom\u00e8stic<\/strong><\/h2>\n\n\n\n<p>El reciclatge a la llar contribueix a:<\/p>\n\n\n\n<ul class=\"wp-block-list\">\n<li><p data-start=\"431\" data-end=\"550\"><strong data-start=\"431\" data-end=\"467\">Reducci\u00f3 de residus en abocadors<\/strong>: <span class=\"relative -mx-px my-[-0.2rem] rounded px-px py-[0.2rem]\">En reciclar, disminu\u00efm la quantitat de deixalles que acaben en abocadors, allargant la seva vida \u00fatil i reduint la contaminaci\u00f3 del s\u00f2l i l&#8217;aigua.<\/span>\u200b<\/p><\/li>\n\n\n\n<li><p data-start=\"554\" data-end=\"669\"><strong data-start=\"554\" data-end=\"586\">Estalvi de recursos naturals<\/strong>: <span class=\"relative -mx-px my-[-0.2rem] rounded px-px py-[0.2rem]\">Reciclar materials com paper, vidre i metalls permet reutilitzar recursos, evitant l&#8217;extracci\u00f3 excessiva de mat\u00e8ries primeres.<\/span>\u200b<\/p><\/li>\n\n\n\n<li><p data-start=\"673\" data-end=\"777\"><strong data-start=\"673\" data-end=\"694\">Estalvi energ\u00e8tic<\/strong>: <span class=\"relative -mx-px my-[-0.2rem] rounded px-px py-[0.2rem]\">La fabricaci\u00f3 de productes a partir de materials reciclats consumeix menys energia que produir-los des de zero.<\/span>\u200b<\/p><\/li>\n\n\n\n<li><p data-start=\"781\" data-end=\"895\"><strong data-start=\"781\" data-end=\"812\">Reducci\u00f3 d&#8217;emissions de CO\u2082<\/strong>: <span class=\"relative -mx-px my-[-0.2rem] rounded px-px py-[0.2rem]\">En disminuir la necessitat de noves mat\u00e8ries primeres i processos industrials, s&#8217;emeten menys gasos d&#8217;efecte hivernacle.<\/span>\u200b<\/p><br><\/li>\n<\/ul>\n\n\n\n<h2 class=\"wp-block-heading\"><strong data-start=\"897\" data-end=\"942\">2. Classificaci\u00f3 de residus i contenidors<\/strong><\/h2>\n\n\n\n<p>Per facilitar el reciclatge, \u00e9s fonamental separar els residus correctament. A Espanya, els contenidors es distingeixen per colors:<\/p>\n\n\n\n<ul class=\"wp-block-list\">\n<li><p data-start=\"1079\" data-end=\"1181\"><strong data-start=\"1079\" data-end=\"1098\">Contenidor groc<\/strong>: <span class=\"relative -mx-px my-[-0.2rem] rounded px-px py-[0.2rem]\">Envasos de pl\u00e0stic, llaunes i brics. Exemples: ampolles de pl\u00e0stic, llaunes de refresc, envasos de iogurt.<\/span>\u200b<\/p><\/li>\n\n\n\n<li><p data-start=\"1185\" data-end=\"1291\"><strong data-start=\"1185\" data-end=\"1204\">Contenidor blau<\/strong>: <span class=\"relative -mx-px my-[-0.2rem] rounded px-px py-[0.2rem]\">Paper i cartr\u00f3. Exemples: caixes de cereals, diaris, revistes.<\/span>\u200b<\/p><\/li>\n\n\n\n<li><p data-start=\"1295\" data-end=\"1401\"><strong data-start=\"1295\" data-end=\"1314\">Contenidor verd<\/strong>: <span class=\"relative -mx-px my-[-0.2rem] rounded px-px py-[0.2rem]\">Envasos de vidre. Exemples: ampolles de vi, pots de conserves.<\/span>\u200b<\/p><\/li>\n\n\n\n<li><p data-start=\"1405\" data-end=\"1512\"><strong data-start=\"1405\" data-end=\"1425\">Contenidor marr\u00f3<\/strong>: <span class=\"relative -mx-px my-[-0.2rem] rounded px-px py-[0.2rem]\">Residus org\u00e0nics. Exemples: restes de menjar, pells de fruita.<\/span>\u200b<\/p><\/li>\n\n\n\n<li><p data-start=\"1516\" data-end=\"1622\"><strong data-start=\"1516\" data-end=\"1535\">Contenidor gris<\/strong>: <span class=\"relative -mx-px my-[-0.2rem] rounded px-px py-[0.2rem]\">Residus no reciclables. Exemples: bolquers, burilles, cer\u00e0miques.<\/span>\u200b<\/p><br><\/li>\n<\/ul>\n\n\n\n<h2 class=\"wp-block-heading\"><strong data-start=\"1624\" data-end=\"1678\">3. Consells per a un reciclatge eficient a la llar<\/strong><\/h2>\n\n\n\n<ul class=\"wp-block-list\">\n<li><p data-start=\"1682\" data-end=\"1801\"><strong data-start=\"1682\" data-end=\"1714\">Disposar de diversos cubells<\/strong>: <span class=\"relative -mx-px my-[-0.2rem] rounded px-px py-[0.2rem]\">Tenir recipients separats facilita la classificaci\u00f3 de residus des de l&#8217;origen.<\/span>\u200b<\/p><\/li>\n\n\n\n<li><p data-start=\"1805\" data-end=\"1912\"><strong data-start=\"1805\" data-end=\"1825\">Neteja d&#8217;envasos<\/strong>: <span class=\"relative -mx-px my-[-0.2rem] rounded px-px py-[0.2rem]\">Esbandir els envasos abans de reciclar-los evita males olors i facilita el proc\u00e9s de reciclatge.<\/span>\u200b<\/p><\/li>\n\n\n\n<li><p data-start=\"1916\" data-end=\"2024\"><strong data-start=\"1916\" data-end=\"1937\">Compactar residus<\/strong>: <span class=\"relative -mx-px my-[-0.2rem] rounded px-px py-[0.2rem]\">Aixafar ampolles i caixes redueix el volum i optimitza l&#8217;espai als contenidors.<\/span>\u200b<\/p><\/li>\n\n\n\n<li><p data-start=\"2028\" data-end=\"2147\"><strong data-start=\"2028\" data-end=\"2060\">Informar-se sobre punts nets<\/strong>: <span class=\"relative -mx-px my-[-0.2rem] rounded px-px py-[0.2rem]\">Per a residus especials com electrodom\u00e8stics, piles o medicaments, existeixen punts de recollida espec\u00edfics.<\/span>\u200b<\/p><br><\/li>\n<\/ul>\n\n\n\n<h2 class=\"wp-block-heading\"><strong data-start=\"2149\" data-end=\"2198\">4. Impacte ambiental del reciclatge en xifres<\/strong><\/h2>\n\n\n\n<p>El reciclatge t\u00e9 un impacte significatiu en la protecci\u00f3 del medi ambient. Per exemple, <span class=\"relative -mx-px my-[-0.2rem] rounded px-px py-[0.2rem]\">el 2023, gr\u00e0cies al reciclatge de vidre a Espanya, es va evitar l&#8217;emissi\u00f3 de gaireb\u00e9 579.036 tones de CO\u2082 a l&#8217;atmosfera, cosa que equival a donar 147 voltes al m\u00f3n en avi\u00f3.<\/span>\u200b<\/p>\n\n\n\n<h2 class=\"wp-block-heading\"><strong data-start=\"2375\" data-end=\"2426\">5. Reptes i solucions en el reciclatge dom\u00e8stic<\/strong><\/h2>\n\n\n\n<p>Malgrat els aven\u00e7os, existeixen desafiaments en el reciclatge dom\u00e8stic:<\/p>\n\n\n\n<ul class=\"wp-block-list\">\n<li><p data-start=\"2503\" data-end=\"2617\"><strong data-start=\"2503\" data-end=\"2530\">Contaminaci\u00f3 de residus<\/strong>: <span class=\"relative -mx-px my-[-0.2rem] rounded px-px py-[0.2rem]\">La barreja de residus reciclables amb no reciclables dificulta el proc\u00e9s.<\/span>\u200b<\/p><p data-start=\"2621\" data-end=\"2717\"><em data-start=\"2621\" data-end=\"2630\">Soluci\u00f3<\/em>: <span class=\"relative -mx-px my-[-0.2rem] rounded px-px py-[0.2rem]\">Educar i conscienciar sobre la correcta separaci\u00f3 de residus.<\/span>\u200b<\/p><\/li>\n\n\n\n<li><p data-start=\"2721\" data-end=\"2836\"><strong data-start=\"2721\" data-end=\"2749\">Manca d&#8217;infraestructures<\/strong>: <span class=\"relative -mx-px my-[-0.2rem] rounded px-px py-[0.2rem]\">En algunes zones, l&#8217;abs\u00e8ncia de contenidors adequats limita el reciclatge.<\/span>\u200b<\/p><p data-start=\"2840\" data-end=\"2936\"><em data-start=\"2840\" data-end=\"2849\">Soluci\u00f3<\/em>: <span class=\"relative -mx-px my-[-0.2rem] rounded px-px py-[0.2rem]\">Sol\u00b7licitar a les autoritats locals la instal\u00b7laci\u00f3 de m\u00e9s punts de recollida.<\/span>\u200b<\/p><\/li>\n\n\n\n<li><p data-start=\"2940\" data-end=\"3044\"><strong data-start=\"2940\" data-end=\"2957\">Desinformaci\u00f3<\/strong>: <span class=\"relative -mx-px my-[-0.2rem] rounded px-px py-[0.2rem]\">Descon\u00e8ixer quins residus s\u00f3n reciclables pot portar a errors.<\/span>\u200b<\/p><p data-start=\"3048\" data-end=\"3144\"><em data-start=\"3048\" data-end=\"3057\">Soluci\u00f3<\/em>: <span class=\"relative -mx-px my-[-0.2rem] rounded px-px py-[0.2rem]\">Accedir a fonts fiables i participar en campanyes informatives.<\/span>\u200b<\/p><br><\/li>\n<\/ul>\n\n\n\n<h2 class=\"wp-block-heading\"><strong data-start=\"3146\" data-end=\"3191\">6. Dades recents del reciclatge a Espanya<\/strong><\/h2>\n\n\n\n<p><span class=\"relative -mx-px my-[-0.2rem] rounded px-px py-[0.2rem]\">El 2023, cada ciutad\u00e0 espanyol va reciclar una mitjana de 39,9 kg d&#8217;envasos, demostrant el nivell de comprom\u00eds de la societat amb el medi ambient. Aix\u00f2 no vol dir, per\u00f2, que sigui suficient.<\/span>\u200b<\/p>\n\n\n\n<p><span class=\"relative -mx-px my-[-0.2rem] rounded px-px py-[0.2rem]\">A m\u00e9s, es van reciclar 1.683.890 tones d&#8217;envasos dom\u00e8stics de pl\u00e0stic, metall, bric, paper i cartr\u00f3, cosa que va suposar un 3,5% m\u00e9s respecte a l&#8217;any anterior i un 12% m\u00e9s que fa cinc anys.<\/span>\u200b<\/p>\n\n\n\n<h2 class=\"wp-block-heading\"><strong data-start=\"3367\" data-end=\"3383\">7. Conclusi\u00f3<\/strong><\/h2>\n\n\n\n<p>El reciclatge dom\u00e8stic \u00e9s una responsabilitat compartida que requereix el comprom\u00eds de tots. En separar correctament els nostres residus, no nom\u00e9s contribu\u00efm a la conservaci\u00f3 del medi ambient, sin\u00f3 que tamb\u00e9 fomentem una economia circular i sostenible. Petits gestos en el nostre dia a dia poden generar grans canvis per a les futures generacions.<\/p>\n\n\n\n<p>&nbsp;<\/p>\n\n\n\n<p>&nbsp;<\/p>\n\n\n\n<p>&nbsp;<\/p>\n\n\n\n<p>Fonts:<\/p>\n\n\n\n<p>Imatge: Freepik<\/p>\n\n\n\n<ul class=\"wp-block-list\">\n<li><p data-start=\"134\" data-end=\"230\"><span style=\"font-size: 12px;\"><strong data-start=\"134\" data-end=\"147\">Ecovidrio<\/strong>: <span class=\"relative -mx-px my-[-0.2rem] rounded px-px py-[0.2rem]\"><a data-start=\"0\" data-end=\"39\" data-is-last-node=\"\" data-is-only-node=\"\" href=\"https:\/\/es.wikipedia.org\/wiki\/Ecovidrio\" target=\"_new\" rel=\"noopener noreferrer\">https:\/\/es.wikipedia.org\/wiki\/Ecovidrio<\/a><\/span>\u200b<span class=\"ml-1 inline-flex max-w-full items-center justify-center relative top-[-0.094rem]\"><a class=\"flex h-6 overflow-hidden rounded-xl px-2.5 text-[0.5625em] font-medium !bg-[#F4F4F4] !text-token-text-secondary dark:!bg-[#303030]\" href=\"https:\/\/es.wikipedia.org\/wiki\/Ecovidrio\" target=\"_blank\" rel=\"noopener\"><span class=\"relative bottom-0 left-0 flex h-full w-full items-center\"><span class=\"flex h-4 w-full items-center justify-between overflow-hidden\"><span class=\"max-w-full grow overflow-hidden truncate text-center\">es.wikipedia.org<\/span><\/span><\/span><\/a><\/span><\/span><\/p><\/li>\n\n\n\n<li><p data-start=\"235\" data-end=\"330\"><span style=\"font-size: 12px;\"><strong data-start=\"235\" data-end=\"247\">Ecoembes<\/strong>: <span class=\"relative -mx-px my-[-0.2rem] rounded px-px py-[0.2rem]\"><a data-start=\"0\" data-end=\"38\" data-is-last-node=\"\" data-is-only-node=\"\" href=\"https:\/\/es.wikipedia.org\/wiki\/Ecoembes\" target=\"_new\" rel=\"noopener noreferrer\">https:\/\/es.wikipedia.org\/wiki\/Ecoembes<\/a><\/span>\u200b<\/span><\/p><\/li>\n\n\n\n<li><p data-start=\"335\" data-end=\"482\"><span style=\"font-size: 12px;\"><strong data-start=\"335\" data-end=\"399\">Espa\u00f1a, entre los pa\u00edses que menos residuos generan de la UE<\/strong>: <span class=\"relative -mx-px my-[-0.2rem] rounded px-px py-[0.2rem]\"><a data-start=\"0\" data-end=\"89\" data-is-last-node=\"\" data-is-only-node=\"\" href=\"https:\/\/los40.com\/2025\/02\/14\/espana-entre-los-paises-que-menos-residuos-generan-de-la-ue\/\" target=\"_new\" rel=\"noopener noreferrer\">https:\/\/los40.com\/2025\/02\/14\/espana-entre-los-paises-que-menos-residuos-generan-de-la-ue\/<\/a><\/span>\u200b<span class=\"ml-1 inline-flex max-w-full items-center justify-center relative top-[-0.094rem]\"><a class=\"flex h-6 overflow-hidden rounded-xl px-2.5 text-[0.5625em] font-medium !bg-[#F4F4F4] !text-token-text-secondary dark:!bg-[#303030]\" href=\"https:\/\/los40.com\/2025\/02\/14\/espana-entre-los-paises-que-menos-residuos-generan-de-la-ue\/\" target=\"_blank\" rel=\"noopener\"><span class=\"relative bottom-0 left-0 flex h-full w-full items-center\"><span class=\"flex h-4 w-full items-center justify-between\"><span class=\"max-w-full grow overflow-hidden truncate text-center\">los40.com<\/span><span class=\"-mr-1 ml-1 flex h-full items-center rounded-full px-1 text-[#8F8F8F]\">+1<\/span><\/span><span class=\"flex h-4 w-full items-center justify-between absolute\"><span class=\"max-w-full grow overflow-hidden truncate text-center\">es.wikipedia.org<\/span><span class=\"-mr-1 ml-1 flex h-full items-center rounded-full px-1 text-[#8F8F8F]\">+1<\/span><\/span><\/span><\/a><\/span><\/span><\/p><\/li>\n\n\n\n<li><p data-start=\"487\" data-end=\"663\"><span style=\"font-size: 12px;\"><strong data-start=\"487\" data-end=\"580\">Un estudio revela el fracaso del contenedor amarillo que deja a Espa\u00f1a contra las cuerdas<\/strong>: <span class=\"relative -mx-px my-[-0.2rem] rounded px-px py-[0.2rem]\"><a data-start=\"0\" data-end=\"113\" data-is-last-node=\"\" data-is-only-node=\"\" href=\"https:\/\/www.huffingtonpost.es\/life\/consumo\/un-estudio-revela-fracaso-contenedor-amarillo-deja-espana-cuerdas.html\" target=\"_new\" rel=\"noopener noreferrer\">https:\/\/www.huffingtonpost.es\/life\/consumo\/un-estudio-revela-fracaso-contenedor-amarillo-deja-espana-cuerdas.html<\/a><\/span>\u200b<span class=\"ml-1 inline-flex max-w-full items-center justify-center relative top-[-0.094rem]\"><a class=\"flex h-6 overflow-hidden rounded-xl px-2.5 text-[0.5625em] font-medium !bg-[#F4F4F4] !text-token-text-secondary dark:!bg-[#303030]\" href=\"https:\/\/www.huffingtonpost.es\/life\/consumo\/un-estudio-revela-fracaso-contenedor-amarillo-deja-espana-cuerdas.html\" target=\"_blank\" rel=\"noopener\"><span class=\"relative bottom-0 left-0 flex h-full w-full items-center\"><span class=\"flex h-4 w-full items-center justify-between overflow-hidden\"><span class=\"max-w-full grow overflow-hidden truncate text-center\">huffingtonpost.es<\/span><\/span><\/span><\/a><\/span><\/span><\/p><\/li>\n\n\n\n<li><p data-start=\"668\" data-end=\"854\"><span style=\"font-size: 12px;\"><strong data-start=\"668\" data-end=\"771\">Por qu\u00e9 depositar ropa usada en un contenedor de reciclaje no permite tener la conciencia tranquila<\/strong>: <span class=\"relative -mx-px my-[-0.2rem] rounded px-px py-[0.2rem]\"><a data-start=\"0\" data-end=\"149\" data-is-last-node=\"\" data-is-only-node=\"\" href=\"https:\/\/elpais.com\/planeta-futuro\/2024-11-27\/por-que-depositar-ropa-usada-en-un-contenedor-de-reciclaje-no-permite-tener-la-conciencia-tranquila.html\" target=\"_new\" rel=\"noopener noreferrer\">https:\/\/elpais.com\/planeta-futuro\/2024-11-27\/por-que-depositar-ropa-usada-en-un-contenedor-de-reciclaje-no-permite-tener-la-conciencia-tranquila.html<\/a><\/span>\u200b<span class=\"ml-1 inline-flex max-w-full items-center justify-center relative top-[-0.094rem]\"><a class=\"flex h-6 overflow-hidden rounded-xl px-2.5 text-[0.5625em] font-medium !bg-[#F4F4F4] !text-token-text-secondary dark:!bg-[#303030]\" href=\"https:\/\/elpais.com\/planeta-futuro\/2024-11-27\/por-que-depositar-ropa-usada-en-un-contenedor-de-reciclaje-no-permite-tener-la-conciencia-tranquila.html\" target=\"_blank\" rel=\"noopener\"><span class=\"relative bottom-0 left-0 flex h-full w-full items-center\"><span class=\"flex h-4 w-full items-center justify-between\"><span class=\"max-w-full grow overflow-hidden truncate text-center\">elpais.com<\/span><span class=\"-mr-1 ml-1 flex h-full items-center rounded-full px-1 text-[#8F8F8F]\">+1<\/span><\/span><span class=\"flex h-4 w-full items-center justify-between absolute\"><span class=\"max-w-full grow overflow-hidden truncate text-center\">es.wikipedia.org<\/span><span class=\"-mr-1 ml-1 flex h-full items-center rounded-full px-1 text-[#8F8F8F]\">+1<\/span><\/span><\/span><\/a><\/span><\/span><\/p><\/li>\n\n\n\n<li><p data-start=\"859\" data-end=\"1032\"><span style=\"font-size: 12px;\"><strong data-start=\"859\" data-end=\"945\">El ayuntamiento de Soria llama al civismo y buen uso de los contenedores de basura<\/strong>: <span class=\"relative -mx-px my-[-0.2rem] rounded px-px py-[0.2rem]\"><a data-start=\"0\" data-end=\"140\" data-is-last-node=\"\" data-is-only-node=\"\" href=\"https:\/\/cadenaser.com\/castillayleon\/2025\/01\/07\/el-ayuntamiento-de-soria-llama-al-civismo-y-buen-uso-de-los-contenedores-de-basura-ser-soria\/\" target=\"_new\" rel=\"noopener noreferrer\">https:\/\/cadenaser.com\/castillayleon\/2025\/01\/07\/el-ayuntamiento-de-soria-llama-al-civismo-y-buen-uso-de-los-contenedores-de-basura-ser-soria\/<\/a><\/span>\u200b<span class=\"\" data-state=\"closed\"><span class=\"ml-1 inline-flex max-w-full items-center justify-center relative top-[-0.094rem]\"><a class=\"flex h-6 overflow-hidden rounded-xl px-2.5 text-[0.5625em] font-medium !bg-[#F4F4F4] !text-token-text-secondary dark:!bg-[#303030]\" href=\"https:\/\/cadenaser.com\/castillayleon\/2025\/01\/07\/el-ayuntamiento-de-soria-llama-al-civismo-y-buen-uso-de-los-contenedores-de-basura-ser-soria\/\" target=\"_blank\" rel=\"noopener\"><span class=\"relative bottom-0 left-0 flex h-full w-full items-center\"><span class=\"flex h-4 w-full items-center justify-between overflow-hidden\"><span class=\"max-w-full grow overflow-hidden truncate text-center\">cadenaser.com<\/span><\/span><\/span><\/a><\/span><\/span><\/span><\/p><\/li>\n\n\n\n<li><p data-start=\"1037\" data-end=\"1164\"><span style=\"font-size: 12px;\"><strong data-start=\"1037\" data-end=\"1077\">Vayas donde vayas&#8230; PUEDES RECICLAR<\/strong>: <span class=\"relative -mx-px my-[-0.2rem] rounded px-px py-[0.2rem]\"><a data-start=\"0\" data-end=\"98\" data-is-last-node=\"\" data-is-only-node=\"\" href=\"https:\/\/elpais.com\/sociedad\/ecoembes-espacio-eco\/2024-10-23\/vayas-donde-vayas-puedes-reciclar.html\" target=\"_new\" rel=\"noopener noreferrer\">https:\/\/elpais.com\/sociedad\/ecoembes-espacio-eco\/2024-10-23\/vayas-donde-vayas-puedes-reciclar.html<\/a><\/span>\u200b<span class=\"ml-1 inline-flex max-w-full items-center justify-center relative top-[-0.094rem]\"><a class=\"flex h-6 overflow-hidden rounded-xl px-2.5 text-[0.5625em] font-medium !bg-[#F4F4F4] !text-token-text-secondary dark:!bg-[#303030]\" href=\"https:\/\/elpais.com\/sociedad\/ecoembes-espacio-eco\/2024-10-23\/vayas-donde-vayas-puedes-reciclar.html\" target=\"_blank\" rel=\"noopener\"><span class=\"relative bottom-0 left-0 flex h-full w-full items-center\"><span class=\"flex h-4 w-full items-center justify-between overflow-hidden\"><span class=\"max-w-full grow overflow-hidden truncate text-center\">elpais.com<\/span><\/span><\/span><\/a><\/span><\/span><\/p><\/li>\n\n\n\n<li><p data-start=\"429\" data-end=\"575\"><span style=\"font-size: 12px;\"><strong data-start=\"429\" data-end=\"492\">Directiva de Residuos de Aparatos El\u00e9ctricos y Electr\u00f3nicos<\/strong>: <span class=\"relative -mx-px my-[-0.2rem] rounded px-px py-[0.2rem]\"><a data-start=\"0\" data-end=\"99\" data-is-last-node=\"\" data-is-only-node=\"\" href=\"https:\/\/es.wikipedia.org\/wiki\/Directiva_de_Residuos_de_Aparatos_El%C3%A9ctricos_y_Electr%C3%B3nicos\" target=\"_new\" rel=\"noopener noreferrer\">https:\/\/es.wikipedia.org\/wiki\/Directiva_de_Residuos_de_Aparatos_El%C3%A9ctricos_y_Electr%C3%B3nicos<\/a><\/span>\u200b<span class=\"\" data-state=\"closed\"><span class=\"ml-1 inline-flex max-w-full items-center justify-center relative top-[-0.094rem]\"><a class=\"flex h-6 overflow-hidden rounded-xl px-2.5 text-[0.5625em] font-medium !bg-[#F4F4F4] !text-token-text-secondary dark:!bg-[#303030]\" href=\"https:\/\/es.wikipedia.org\/wiki\/Directiva_de_Residuos_de_Aparatos_El%C3%A9ctricos_y_Electr%C3%B3nicos\" target=\"_blank\" rel=\"noopener\"><span class=\"relative bottom-0 left-0 flex h-full w-full items-center\"><span class=\"flex h-4 w-full items-center justify-between overflow-hidden\"><span class=\"max-w-full grow overflow-hidden truncate text-center\">es.wikipedia.org<\/span><\/span><\/span><\/a><\/span><\/span><\/span><\/p><\/li>\n\n\n\n<li><p data-start=\"580\" data-end=\"727\"><span style=\"font-size: 12px;\"><strong data-start=\"580\" data-end=\"644\">Espa\u00f1a, entre los pa\u00edses que menos residuos generan de la UE<\/strong>: <span class=\"relative -mx-px my-[-0.2rem] rounded px-px py-[0.2rem]\"><a data-start=\"0\" data-end=\"89\" data-is-last-node=\"\" data-is-only-node=\"\" href=\"https:\/\/los40.com\/2025\/02\/14\/espana-entre-los-paises-que-menos-residuos-generan-de-la-ue\/\" target=\"_new\" rel=\"noopener noreferrer\">https:\/\/los40.com\/2025\/02\/14\/espana-entre-los-paises-que-menos-residuos-generan-de-la-ue\/<\/a><\/span><\/span><\/p><br><\/li>\n<\/ul>\n\n\n\n<p>Altres <a href=\"https:\/\/skills-crush.com\/cafur\/tag\/ecologia\/\">articles al blog de Cafur sobre ecologia<\/a>\u00a0<\/p>\n","protected":false},"excerpt":{"rendered":"<p>Descobreix com el reciclatge dom\u00e8stic contribueix a la sostenibilitat ambiental. Una guia pr\u00e0ctica, curta, directa, \u00fatil. Apr\u00e8n a classificar residus i coneix les xifres de reciclatge.<\/p>\n","protected":false},"author":1,"featured_media":5170,"comment_status":"closed","ping_status":"open","sticky":false,"template":"","format":"standard","meta":{"footnotes":""},"categories":[21],"tags":[48,70,41],"class_list":["post-4835","post","type-post","status-publish","format-standard","has-post-thumbnail","hentry","category-tendencies-arquitectura-interiorisme-decoracio","tag-ecologia","tag-reciclatge","tag-sostenibilitat"],"_links":{"self":[{"href":"https:\/\/skills-crush.com\/cafur\/wp-json\/wp\/v2\/posts\/4835","targetHints":{"allow":["GET"]}}],"collection":[{"href":"https:\/\/skills-crush.com\/cafur\/wp-json\/wp\/v2\/posts"}],"about":[{"href":"https:\/\/skills-crush.com\/cafur\/wp-json\/wp\/v2\/types\/post"}],"author":[{"embeddable":true,"href":"https:\/\/skills-crush.com\/cafur\/wp-json\/wp\/v2\/users\/1"}],"replies":[{"embeddable":true,"href":"https:\/\/skills-crush.com\/cafur\/wp-json\/wp\/v2\/comments?post=4835"}],"version-history":[{"count":1,"href":"https:\/\/skills-crush.com\/cafur\/wp-json\/wp\/v2\/posts\/4835\/revisions"}],"predecessor-version":[{"id":5171,"href":"https:\/\/skills-crush.com\/cafur\/wp-json\/wp\/v2\/posts\/4835\/revisions\/5171"}],"wp:featuredmedia":[{"embeddable":true,"href":"https:\/\/skills-crush.com\/cafur\/wp-json\/wp\/v2\/media\/5170"}],"wp:attachment":[{"href":"https:\/\/skills-crush.com\/cafur\/wp-json\/wp\/v2\/media?parent=4835"}],"wp:term":[{"taxonomy":"category","embeddable":true,"href":"https:\/\/skills-crush.com\/cafur\/wp-json\/wp\/v2\/categories?post=4835"},{"taxonomy":"post_tag","embeddable":true,"href":"https:\/\/skills-crush.com\/cafur\/wp-json\/wp\/v2\/tags?post=4835"}],"curies":[{"name":"wp","href":"https:\/\/api.w.org\/{rel}","templated":true}]}}