{"id":4805,"date":"2025-02-27T10:44:01","date_gmt":"2025-02-27T08:44:01","guid":{"rendered":"https:\/\/www.cafur.es\/blog\/?p=4805"},"modified":"2025-10-24T02:03:31","modified_gmt":"2025-10-24T02:03:31","slug":"guanyadors-dels-premis-fad-arquitectura","status":"publish","type":"post","link":"https:\/\/skills-crush.com\/cafur\/guanyadors-dels-premis-fad-arquitectura\/","title":{"rendered":"Rep\u00e0s dels \u00faltims 10 guanyadors dels Premis FAD d&#8217;Arquitectura"},"content":{"rendered":"\n<p>Els <strong>Premis FAD d&#8217;Arquitectura i Interiorisme<\/strong>, establerts el 1958 pel <a href=\"https:\/\/arquinfad.org\/premisfad\/es\/\" target=\"_blank\" rel=\"noopener\">Foment de les Arts i del Disseny (FAD)<\/a>, tenen com a missi\u00f3 recon\u00e8ixer i promoure l&#8217;excel\u00b7l\u00e8ncia en l&#8217;arquitectura i el disseny a la pen\u00ednsula Ib\u00e8rica. Amb l&#8217;objectiu d&#8217;impulsar les corrents de vanguarda i destacar les obres m\u00e9s rellevants, aquests premis s&#8217;han consolidat com un referent en el sector.<\/p>\n\n\n\n<p>A continuaci\u00f3, repassem els darrers deu projectes guardonats amb el Premi FAD d&#8217;Arquitectura, amb una breu descripci\u00f3 de cada obra:<\/p>\n\n\n\n<h3 class=\"wp-block-heading\"><strong data-start=\"558\" data-end=\"567\">Edici\u00f3 dels Premis FAD de 2015:<\/strong><\/h3>\n\n\n\n<ul class=\"wp-block-list\">\n<li><p data-start=\"571\" data-end=\"788\"><strong data-start=\"571\" data-end=\"604\"><a href=\"https:\/\/arquinfad.org\/premisfad\/es\/ediciones-anteriores\/?edicio\/2015\/obra\/7839\/\" target=\"_blank\" rel=\"noopener\">Casa Bastida (Begur, Girona)<\/a>:<\/strong> Projectada per Ramon Bosch i Elisabet Capdeferro, aquesta resid\u00e8ncia s&#8217;integra harmoniosament en el paisatge de la Costa Brava, respectant la topografia i utilitzant materials locals.<\/p><br><\/li>\n<\/ul>\n\n\n\n<figure class=\"wp-block-image size-full\"><img fetchpriority=\"high\" decoding=\"async\" width=\"810\" height=\"450\" src=\"https:\/\/skills-crush.com\/cafur\/wp-content\/uploads\/2025\/02\/casa-bastida-Guanyadors-Premis-FAD-Arquitectura.jpg\" alt=\"\" class=\"wp-image-5176\" srcset=\"https:\/\/skills-crush.com\/cafur\/wp-content\/uploads\/2025\/02\/casa-bastida-Guanyadors-Premis-FAD-Arquitectura.jpg 810w, https:\/\/skills-crush.com\/cafur\/wp-content\/uploads\/2025\/02\/casa-bastida-Guanyadors-Premis-FAD-Arquitectura-300x167.jpg 300w, https:\/\/skills-crush.com\/cafur\/wp-content\/uploads\/2025\/02\/casa-bastida-Guanyadors-Premis-FAD-Arquitectura-768x427.jpg 768w\" sizes=\"(max-width: 810px) 100vw, 810px\" \/><\/figure>\n\n\n\n<p><\/p>\n\n\n\n<ul class=\"wp-block-list\">\n<li><p data-start=\"792\" data-end=\"1035\"><strong data-start=\"792\" data-end=\"834\">Hotel Ozadi Tavira (Tavira, Portugal):<\/strong> Dissenyat per Pedro Campos Costa, aquest hotel \u00e9s una rehabilitaci\u00f3 d&#8217;un edifici dels anys 70, combinant elements contemporanis amb l&#8217;arquitectura original per oferir una experi\u00e8ncia \u00fanica als hostes.<\/p><\/li>\n<\/ul>\n\n\n\n<p><\/p>\n\n\n\n<h3 class=\"wp-block-heading\"><strong data-start=\"1037\" data-end=\"1046\">Edici\u00f3 dels Premis FAD de 2016:<\/strong><\/h3>\n\n\n\n<ul class=\"wp-block-list\">\n<li><strong data-start=\"1050\" data-end=\"1118\"><a href=\"https:\/\/arquinfad.org\/premisfad\/es\/ediciones-anteriores\/?edicio\/2016\/obra\/8597\/\" target=\"_blank\" rel=\"noopener\">Arquip\u00e9lago \u2013 Centro de Artes Contempor\u00e2neas<\/a> (A\u00e7ores, Portugal):<\/strong> Obra dels arquitectes Jo\u00e3o Mendes Ribeiro, Francisco Vieira de Campos i Cristina Guedes, aquest centre cultural transforma una antiga f\u00e0brica d&#8217;alcohol i tabac en un espai dedicat a l&#8217;art contemporani, mantenint elements industrials originals.<\/li>\n<\/ul>\n\n\n\n<figure class=\"wp-block-image size-full\"><img decoding=\"async\" width=\"810\" height=\"450\" src=\"https:\/\/skills-crush.com\/cafur\/wp-content\/uploads\/2025\/02\/Guanyadors-Premis-FAD-Arquitectura-2016.jpg\" alt=\"\" class=\"wp-image-5177\" srcset=\"https:\/\/skills-crush.com\/cafur\/wp-content\/uploads\/2025\/02\/Guanyadors-Premis-FAD-Arquitectura-2016.jpg 810w, https:\/\/skills-crush.com\/cafur\/wp-content\/uploads\/2025\/02\/Guanyadors-Premis-FAD-Arquitectura-2016-300x167.jpg 300w, https:\/\/skills-crush.com\/cafur\/wp-content\/uploads\/2025\/02\/Guanyadors-Premis-FAD-Arquitectura-2016-768x427.jpg 768w\" sizes=\"(max-width: 810px) 100vw, 810px\" \/><\/figure>\n\n\n\n<p>&nbsp;<\/p>\n\n\n\n<h3 class=\"wp-block-heading\"><strong data-start=\"1037\" data-end=\"1046\">Edici\u00f3 dels Premis FAD de 2017:<\/strong><\/h3>\n\n\n\n<ul class=\"wp-block-list\">\n<li><strong data-start=\"1377\" data-end=\"1432\"><a href=\"https:\/\/arquinfad.org\/premisfad\/es\/ediciones-anteriores\/?edicio\/2017\/obra\/8748\/\">Museu de les Col\u00b7leccions Reials<\/a> (Madrid, Espanya):<\/strong> Dissenyat per Luis Mansilla i Emilio Tu\u00f1\u00f3n, aquest museu alberga les col\u00b7leccions art\u00edstiques del Patrimoni Nacional. L&#8217;arquitectura destaca per la seva sobrietat i eleg\u00e0ncia, integrant-se perfectament en l&#8217;entorn del Palau Reial.<\/li>\n<\/ul>\n\n\n\n<figure class=\"wp-block-image size-full\"><img decoding=\"async\" width=\"810\" height=\"450\" src=\"https:\/\/skills-crush.com\/cafur\/wp-content\/uploads\/2025\/02\/Guanyadors-Premis-FAD-Arquitectura-2017.jpg\" alt=\"\" class=\"wp-image-5178\" srcset=\"https:\/\/skills-crush.com\/cafur\/wp-content\/uploads\/2025\/02\/Guanyadors-Premis-FAD-Arquitectura-2017.jpg 810w, https:\/\/skills-crush.com\/cafur\/wp-content\/uploads\/2025\/02\/Guanyadors-Premis-FAD-Arquitectura-2017-300x167.jpg 300w, https:\/\/skills-crush.com\/cafur\/wp-content\/uploads\/2025\/02\/Guanyadors-Premis-FAD-Arquitectura-2017-768x427.jpg 768w\" sizes=\"(max-width: 810px) 100vw, 810px\" \/><\/figure>\n\n\n\n<p>&nbsp;<\/p>\n\n\n\n<h3 class=\"wp-block-heading\"><strong data-start=\"1037\" data-end=\"1046\">Edici\u00f3 dels Premis FAD de 2018:<\/strong><\/h3>\n\n\n\n<ul class=\"wp-block-list\">\n<li><strong data-start=\"1678\" data-end=\"1744\">14 Habitatges P\u00fablics (Sant Ferran de Ses Roques, Formentera):<\/strong> Projecte de Carles Oliver Barcel\u00f3, Antonio Mart\u00edn Procopio, Joaqu\u00edn Moy\u00e1 Costa, Alfonso Reina Ferragut i Maria Ant\u00f2nia Garc\u00edas Roig, aquest conjunt residencial s&#8217;adapta al clima mediterrani i a l&#8217;entorn insular, utilitzant materials locals i solucions sostenibles.<\/li>\n<\/ul>\n\n\n\n<figure class=\"wp-block-image size-full\"><img loading=\"lazy\" decoding=\"async\" width=\"810\" height=\"450\" src=\"https:\/\/skills-crush.com\/cafur\/wp-content\/uploads\/2025\/02\/Guanyadors-Premis-FAD-Arquitectura-2018-1.jpg\" alt=\"\" class=\"wp-image-5179\" srcset=\"https:\/\/skills-crush.com\/cafur\/wp-content\/uploads\/2025\/02\/Guanyadors-Premis-FAD-Arquitectura-2018-1.jpg 810w, https:\/\/skills-crush.com\/cafur\/wp-content\/uploads\/2025\/02\/Guanyadors-Premis-FAD-Arquitectura-2018-1-300x167.jpg 300w, https:\/\/skills-crush.com\/cafur\/wp-content\/uploads\/2025\/02\/Guanyadors-Premis-FAD-Arquitectura-2018-1-768x427.jpg 768w\" sizes=\"(max-width: 810px) 100vw, 810px\" \/><\/figure>\n\n\n\n<p>&nbsp;<\/p>\n\n\n\n<h3 class=\"wp-block-heading\"><strong data-start=\"1037\" data-end=\"1046\">Edici\u00f3 dels Premis FAD de 2019:<\/strong><\/h3>\n\n\n\n<ul class=\"wp-block-list\">\n<li><strong data-start=\"2024\" data-end=\"2116\"><a href=\"https:\/\/arquinfad.org\/premisfad\/es\/ediciones-anteriores\/?edicio\/2019\/obra\/10518\/\" target=\"_blank\" rel=\"noopener\">IES PLAYA FLAMENCA &#8211; Urbanitzaci\u00f3 Villamart\u00edn. Orihuela. (Alacant)<\/a>: <\/strong>En paraules del jurat:\n<ul class=\"wp-block-list\">\n<li><br><blockquote><p>Se trata de un edificio que da respuesta a un extenso y repetitivo programa escolar con las limitaciones econ\u00f3micas que son propias de este tipo de obra p\u00fablica, y que, sin embargo, es capaz de crear un espacio extraordinariamente rico, un paisaje interno propio que se abstrae de un entorno poco atractivo.<\/p><\/blockquote><\/li>\n<\/ul>\n<\/li>\n<\/ul>\n\n\n\n<figure class=\"wp-block-image size-full\"><img loading=\"lazy\" decoding=\"async\" width=\"810\" height=\"450\" src=\"https:\/\/skills-crush.com\/cafur\/wp-content\/uploads\/2025\/02\/Guanyadors-Premis-FAD-Arquitectura-2019.jpg\" alt=\"\" class=\"wp-image-5180\" srcset=\"https:\/\/skills-crush.com\/cafur\/wp-content\/uploads\/2025\/02\/Guanyadors-Premis-FAD-Arquitectura-2019.jpg 810w, https:\/\/skills-crush.com\/cafur\/wp-content\/uploads\/2025\/02\/Guanyadors-Premis-FAD-Arquitectura-2019-300x167.jpg 300w, https:\/\/skills-crush.com\/cafur\/wp-content\/uploads\/2025\/02\/Guanyadors-Premis-FAD-Arquitectura-2019-768x427.jpg 768w\" sizes=\"(max-width: 810px) 100vw, 810px\" \/><\/figure>\n\n\n\n<p><\/p>\n\n\n\n<h3 class=\"wp-block-heading\"><strong data-start=\"1037\" data-end=\"1046\">Edici\u00f3 dels Premis FAD de 2020:<\/strong><\/h3>\n\n\n\n<ul class=\"wp-block-list\">\n<li><strong data-start=\"2321\" data-end=\"2373\"><a href=\"https:\/\/arquinfad.org\/premisfad\/es\/ediciones-anteriores\/?edicio\/2020\/obra\/11120\/\" target=\"_blank\" rel=\"noopener\">Edifici de Vivendes Mixtes (Barcelona, Espanya)<\/a>:<\/strong> Aquest projecte destaca per la seva aposta per la conviv\u00e8ncia de diferents tipologies d&#8217;habitatge, promovent la diversitat i la cohesi\u00f3 social en un mateix edifici.<\/li>\n<\/ul>\n\n\n\n<figure class=\"wp-block-image size-full\"><img loading=\"lazy\" decoding=\"async\" width=\"810\" height=\"450\" src=\"https:\/\/skills-crush.com\/cafur\/wp-content\/uploads\/2025\/02\/Guanyadors-Premis-FAD-Arquitectura-2020-1.jpg\" alt=\"\" class=\"wp-image-5181\" srcset=\"https:\/\/skills-crush.com\/cafur\/wp-content\/uploads\/2025\/02\/Guanyadors-Premis-FAD-Arquitectura-2020-1.jpg 810w, https:\/\/skills-crush.com\/cafur\/wp-content\/uploads\/2025\/02\/Guanyadors-Premis-FAD-Arquitectura-2020-1-300x167.jpg 300w, https:\/\/skills-crush.com\/cafur\/wp-content\/uploads\/2025\/02\/Guanyadors-Premis-FAD-Arquitectura-2020-1-768x427.jpg 768w\" sizes=\"(max-width: 810px) 100vw, 810px\" \/><\/figure>\n\n\n\n<p>&nbsp;<\/p>\n\n\n\n<h3 class=\"wp-block-heading\"><strong data-start=\"1037\" data-end=\"1046\">Edici\u00f3 dels Premis FAD de 2021:<\/strong><\/h3>\n\n\n\n<ul class=\"wp-block-list\">\n<li><strong data-start=\"2553\" data-end=\"2609\"><a href=\"https:\/\/arquinfad.org\/premisfad\/es\/ediciones-anteriores\/?edicio\/2021\/obra\/11342\/\" target=\"_blank\" rel=\"noopener\">Fabra &amp; Coats &amp; habitatge social i castellers<\/a> &#8211; Barcelona (Espanya):<\/strong> El jurat vol destacar que\n<ul class=\"wp-block-list\">\n<li><br><blockquote><p>\u00ab<em>El projecte posa de manifest com la rehabilitaci\u00f3 i la conservaci\u00f3 del patrimoni industrial representen un desafiament cada cop m\u00e9s important per a la definici\u00f3 d&#8217;un urbanisme sostenible, resolent de manera brillant la inclusi\u00f3 d&#8217;un programa habitacional en una antiga f\u00e0brica industrial del segle XIX&#8221;<\/em><\/p><\/blockquote><\/li>\n<\/ul>\n<\/li>\n<\/ul>\n\n\n\n<figure class=\"wp-block-image size-full\"><img loading=\"lazy\" decoding=\"async\" width=\"810\" height=\"450\" src=\"https:\/\/skills-crush.com\/cafur\/wp-content\/uploads\/2025\/02\/Guanyadors-Premis-FAD-Arquitectura-2021.jpg\" alt=\"\" class=\"wp-image-5182\" srcset=\"https:\/\/skills-crush.com\/cafur\/wp-content\/uploads\/2025\/02\/Guanyadors-Premis-FAD-Arquitectura-2021.jpg 810w, https:\/\/skills-crush.com\/cafur\/wp-content\/uploads\/2025\/02\/Guanyadors-Premis-FAD-Arquitectura-2021-300x167.jpg 300w, https:\/\/skills-crush.com\/cafur\/wp-content\/uploads\/2025\/02\/Guanyadors-Premis-FAD-Arquitectura-2021-768x427.jpg 768w\" sizes=\"(max-width: 810px) 100vw, 810px\" \/><\/figure>\n\n\n\n<p><\/p>\n\n\n\n<h3 class=\"wp-block-heading\"><strong data-start=\"1037\" data-end=\"1046\">Edici\u00f3 dels Premis FAD de 2022:<\/strong><\/h3>\n\n\n\n<ul class=\"wp-block-list\">\n<li><strong data-start=\"2830\" data-end=\"2891\"><a href=\"https:\/\/arquinfad.org\/premisfad\/es\/ediciones-anteriores\/?edicio\/2022\/obra\/11385\/\" target=\"_blank\" rel=\"noopener\">Llacuna, C\/ Llacuna 6<\/a> (Barcelona, Espanya):<\/strong>\u00a0Intervenci\u00f3 que completa una illa de l&#8217;eixample del Poblenou amb coher\u00e8ncia urbana i formal.<\/li>\n<\/ul>\n\n\n\n<figure class=\"wp-block-image size-full\"><img loading=\"lazy\" decoding=\"async\" width=\"810\" height=\"450\" src=\"https:\/\/skills-crush.com\/cafur\/wp-content\/uploads\/2025\/02\/Guanyadors-Premis-FAD-Arquitectura-2022.jpg\" alt=\"\" class=\"wp-image-5183\" srcset=\"https:\/\/skills-crush.com\/cafur\/wp-content\/uploads\/2025\/02\/Guanyadors-Premis-FAD-Arquitectura-2022.jpg 810w, https:\/\/skills-crush.com\/cafur\/wp-content\/uploads\/2025\/02\/Guanyadors-Premis-FAD-Arquitectura-2022-300x167.jpg 300w, https:\/\/skills-crush.com\/cafur\/wp-content\/uploads\/2025\/02\/Guanyadors-Premis-FAD-Arquitectura-2022-768x427.jpg 768w\" sizes=\"(max-width: 810px) 100vw, 810px\" \/><\/figure>\n\n\n\n<p>&nbsp;<\/p>\n\n\n\n<h3 class=\"wp-block-heading\"><strong data-start=\"1037\" data-end=\"1046\">Edici\u00f3 dels Premis FAD de 2023 :<\/strong><\/h3>\n\n\n\n<ul class=\"wp-block-list\">\n<li><p data-start=\"160\" data-end=\"407\"><strong data-start=\"160\" data-end=\"196\">Escola Reggio (Madrid, Espanya):<\/strong> Projectada per Andr\u00e9s Jaque (Office for Political Innovation), aquesta escola destaca per la seva expressivitat i per integrar l&#8217;arquitectura com a part de l&#8217;aprenentatge, estimulant la curiositat dels alumnes.<\/p><\/li>\n\n\n\n<li><p data-start=\"411\" data-end=\"669\"><strong data-start=\"411\" data-end=\"470\"><a href=\"https:\/\/arquinfad.org\/premisfad\/es\/ediciones-anteriores\/?edicio\/2023\/obra\/11488\/\" target=\"_blank\" rel=\"noopener\">Biblioteca Gabriel Garc\u00eda M\u00e1rquez<\/a> (Barcelona, Espanya):<\/strong> Obra d&#8217;Elena Orte i Guillermo Sevillano (SUMA Arquitectura), aquesta biblioteca al barri de Sant Mart\u00ed ofereix una gran diversitat d&#8217;espais i programes, creant un punt de trobada per a la comunitat.<\/p><\/li>\n<\/ul>\n\n\n\n<figure class=\"wp-block-image size-full\"><img loading=\"lazy\" decoding=\"async\" width=\"810\" height=\"450\" src=\"https:\/\/skills-crush.com\/cafur\/wp-content\/uploads\/2025\/02\/Guanyadors-Premis-FAD-Arquitectura-2023.jpg\" alt=\"\" class=\"wp-image-5184\" srcset=\"https:\/\/skills-crush.com\/cafur\/wp-content\/uploads\/2025\/02\/Guanyadors-Premis-FAD-Arquitectura-2023.jpg 810w, https:\/\/skills-crush.com\/cafur\/wp-content\/uploads\/2025\/02\/Guanyadors-Premis-FAD-Arquitectura-2023-300x167.jpg 300w, https:\/\/skills-crush.com\/cafur\/wp-content\/uploads\/2025\/02\/Guanyadors-Premis-FAD-Arquitectura-2023-768x427.jpg 768w\" sizes=\"(max-width: 810px) 100vw, 810px\" \/><\/figure>\n\n\n\n<p>&nbsp;<\/p>\n\n\n\n<h3 class=\"wp-block-heading\"><strong data-start=\"1037\" data-end=\"1046\">Edici\u00f3 dels Premis FAD de 2024:<\/strong><\/h3>\n\n\n\n<ul class=\"wp-block-list\">\n<li><p data-start=\"3327\" data-end=\"3574\"><strong data-start=\"3327\" data-end=\"3362\"><a href=\"https:\/\/arquinfad.org\/premisfad\/es\/ediciones-anteriores\/?edicio\/2024\/obra\/11565\/\" target=\"_blank\" rel=\"noopener\">Casa 1736<\/a> (Barcelona, Espanya):<\/strong> Obra de l&#8217;estudi Harquitectes, aquesta vivenda unifamiliar destaca pel seu disseny que combina tradici\u00f3 i modernitat, utilitzant materials locals i solucions sostenibles per crear espais lluminosos i funcionals.<\/p><\/li>\n<\/ul>\n\n\n\n<figure class=\"wp-block-image size-full\"><img loading=\"lazy\" decoding=\"async\" width=\"810\" height=\"450\" src=\"https:\/\/skills-crush.com\/cafur\/wp-content\/uploads\/2025\/02\/Guanyadors-Premis-FAD-Arquitectura-2024.jpg\" alt=\"\" class=\"wp-image-5185\" srcset=\"https:\/\/skills-crush.com\/cafur\/wp-content\/uploads\/2025\/02\/Guanyadors-Premis-FAD-Arquitectura-2024.jpg 810w, https:\/\/skills-crush.com\/cafur\/wp-content\/uploads\/2025\/02\/Guanyadors-Premis-FAD-Arquitectura-2024-300x167.jpg 300w, https:\/\/skills-crush.com\/cafur\/wp-content\/uploads\/2025\/02\/Guanyadors-Premis-FAD-Arquitectura-2024-768x427.jpg 768w\" sizes=\"(max-width: 810px) 100vw, 810px\" \/><\/figure>\n\n\n\n<ul class=\"wp-block-list\">\n<li><p data-start=\"3578\" data-end=\"3832\"><strong data-start=\"3578\" data-end=\"3614\">DH Palencia (Pal\u00e8ncia, Espanya):<\/strong> Projecte de FRPO Rodr\u00edguez &amp; Oriol, aquesta central t\u00e8rmica s&#8217;integra paisatg\u00edsticament en el seu entorn, utilitzant una arquitectura industrial elegant que reflecteix la seva funci\u00f3 i comprom\u00eds amb la sostenibilitat.<\/p><br><\/li>\n<\/ul>\n\n\n\n<p>Aquests projectes exemplifiquen l&#8217;excel\u00b7l\u00e8ncia i la diversitat de l&#8217;arquitectura contempor\u00e0nia a la pen\u00ednsula Ib\u00e8rica, reflectint un comprom\u00eds amb la innovaci\u00f3, la sostenibilitat i el respecte pel medi ambient.<\/p>\n\n\n\n<p>&nbsp;<\/p>\n\n\n\n<p>I si voleu <a href=\"https:\/\/www.fad.cat\/ca\/awards\/12748\/premis-fad-darquitectura-i-interiorisme-2025\" target=\"_blank\" rel=\"noopener\">informaci\u00f3 sobre els Premis FAD de 2025, aqu\u00ed la teniu.<\/a><\/p>\n\n\n\n<p>&nbsp;<\/p>\n\n\n\n<p>&nbsp;<\/p>\n\n\n\n<p>Fonts:&nbsp; ArquinFAD.org. Imatges i premis.<\/p>\n\n\n\n<p>M\u00e9s <a href=\"https:\/\/skills-crush.com\/cafur\/tag\/arquitectura\/\">articles d&#8217;arquitectura al blog de CAFUR<\/a><\/p>\n\n\n\n<p>&nbsp;<\/p>\n","protected":false},"excerpt":{"rendered":"<p>Aquest article ofereix una visi\u00f3 detallada de les obres que han estat reconegudes amb els Premis FAD d&#8217;Arquitectura en l&#8217;\u00faltima d\u00e8cada, destacant la seva rellev\u00e0ncia i aportaci\u00f3 al panorama arquitect\u00f2nic ib\u00e8ric.<\/p>\n","protected":false},"author":1,"featured_media":5186,"comment_status":"closed","ping_status":"open","sticky":false,"template":"","format":"standard","meta":{"footnotes":""},"categories":[21],"tags":[19],"class_list":["post-4805","post","type-post","status-publish","format-standard","has-post-thumbnail","hentry","category-tendencies-arquitectura-interiorisme-decoracio","tag-arquitectura"],"_links":{"self":[{"href":"https:\/\/skills-crush.com\/cafur\/wp-json\/wp\/v2\/posts\/4805","targetHints":{"allow":["GET"]}}],"collection":[{"href":"https:\/\/skills-crush.com\/cafur\/wp-json\/wp\/v2\/posts"}],"about":[{"href":"https:\/\/skills-crush.com\/cafur\/wp-json\/wp\/v2\/types\/post"}],"author":[{"embeddable":true,"href":"https:\/\/skills-crush.com\/cafur\/wp-json\/wp\/v2\/users\/1"}],"replies":[{"embeddable":true,"href":"https:\/\/skills-crush.com\/cafur\/wp-json\/wp\/v2\/comments?post=4805"}],"version-history":[{"count":1,"href":"https:\/\/skills-crush.com\/cafur\/wp-json\/wp\/v2\/posts\/4805\/revisions"}],"predecessor-version":[{"id":5187,"href":"https:\/\/skills-crush.com\/cafur\/wp-json\/wp\/v2\/posts\/4805\/revisions\/5187"}],"wp:featuredmedia":[{"embeddable":true,"href":"https:\/\/skills-crush.com\/cafur\/wp-json\/wp\/v2\/media\/5186"}],"wp:attachment":[{"href":"https:\/\/skills-crush.com\/cafur\/wp-json\/wp\/v2\/media?parent=4805"}],"wp:term":[{"taxonomy":"category","embeddable":true,"href":"https:\/\/skills-crush.com\/cafur\/wp-json\/wp\/v2\/categories?post=4805"},{"taxonomy":"post_tag","embeddable":true,"href":"https:\/\/skills-crush.com\/cafur\/wp-json\/wp\/v2\/tags?post=4805"}],"curies":[{"name":"wp","href":"https:\/\/api.w.org\/{rel}","templated":true}]}}