{"id":4520,"date":"2024-05-31T12:22:38","date_gmt":"2024-05-31T10:22:38","guid":{"rendered":"http:\/\/www.cafur.es\/blog\/?p=4520"},"modified":"2024-05-31T12:22:38","modified_gmt":"2024-05-31T10:22:38","slug":"derogado-el-decreto-ley-sobre-el-alquiler-de-temporada-y-de-habitaciones-en-cataluna","status":"publish","type":"post","link":"https:\/\/skills-crush.com\/cafur\/derogado-el-decreto-ley-sobre-el-alquiler-de-temporada-y-de-habitaciones-en-cataluna\/","title":{"rendered":"Derogado el Decreto Ley sobre el alquiler de temporada y de habitaciones en Catalu\u00f1a."},"content":{"rendered":"<p><span style=\"font-weight: 400;\">El Gobierno de la Generalitat aprob\u00f3 el pasado 24 de abril de 2024 el Decreto Ley 6\/2024, de medidas urgentes en materia de vivienda (el &#8220;Decreto Ley&#8221;).<\/span><\/p>\n<p><span style=\"color: #00ccff;\"><b>\u00bfQu\u00e9 regulaba?<\/b><\/span> <span style=\"font-weight: 400;\">los arrendamientos de temporada y arrendamientos de habitaciones&nbsp;con la finalidad de garantizar la efectiva aplicaci\u00f3n de las medidas previstas en la Ley 12\/2023, de 24 de mayo, por el derecho a la vivienda (&#8220;Ley por el derecho a la vivienda&#8221;), respecto de la limitaci\u00f3n de los precios del arrendamiento.<\/span><\/p>\n<p><span style=\"color: #00ccff;\"><b>\u00bfCu\u00e1ndo entr\u00f3 en vigor?<\/b><\/span> <span style=\"font-weight: 400;\">El pasado 26 de abril de 2024.<\/span><\/p>\n<p><span style=\"color: #00ccff;\"><b>\u00bfCu\u00e1ndo ha sido derogado? <\/b><\/span><span style=\"font-weight: 400;\">Como finalmente no ha sido validado, ha sido derogado, por la Diputaci\u00f3n Permanente del Parlamento de Catalu\u00f1a, en su sesi\u00f3n de 23 de mayo de 2024.<\/span><\/p>\n<p><span style=\"font-weight: 400;\">En consecuencia, el Decreto Ley ha dejado de estar en vigor una vez se ha publicado en el Diario Oficial de la Generalitat de Catalunya de 27 de mayo de 2024 el acuerdo de no convalidaci\u00f3n y derogaci\u00f3n por parte del Parlamento.<\/span><\/p>\n<p><span style=\"color: #00ccff;\"><b>\u00bfPor qu\u00e9 han aumentado los contratos temporales?<\/b> <\/span><span style=\"font-weight: 400;\">Han aumentado considerablemente tras la entrada en vigor de la nueva Ley por el derecho a la vivienda ya que se han utilizado como una forma de eludir la aplicaci\u00f3n de la normativa en materia de contenci\u00f3n de rentas, en la medida en que hab\u00edan quedado al margen de regulaci\u00f3n auton\u00f3mica y estatal.<\/span><\/p>\n<p><span style=\"color: #00ccff;\"><b><i>Consecuencias. <\/i><\/b><\/span><span style=\"font-weight: 400;\">Este decreto se aprob\u00f3 como una medida electoralista justo antes de la campa\u00f1a conllevando una importante retirada de la oferta de pisos en alquiler, generando inseguridad jur\u00eddica entre los propietarios.<\/span><b><i>&nbsp;<\/i><\/b><\/p>\n<p><span style=\"color: #00ccff;\"><b><i>Opini\u00f3n.<\/i><\/b> <\/span><span style=\"font-weight: 400;\">Era un sin sentido, i<\/span><span style=\"font-weight: 400;\">mponer <\/span><span style=\"font-weight: 400;\">limitaciones a los contratos temporales para estudiantes y ejecutivos por motivos laborales. Lo que deber\u00edan hacer es velar por que los contratos temporales para estudiantes y ejecutivos sean realmente para estudiantes y ejecutivos, y no contratos de vivienda habitual camuflados, empleados en fraude de ley.<\/span><\/p>\n<p><span style=\"color: #00ccff;\"><b><i>\u00a1Pero tenga cuidado! <\/i><\/b><\/span><span style=\"font-weight: 400;\">Todav\u00eda est\u00e1 abierta la posibilidad de una futura regulaci\u00f3n, <\/span><span style=\"font-weight: 400;\">que deber\u00e1 ser impulsada por el nuevo Gobierno de la Generalitat. Por lo tanto, la nueva normativa sobre alquileres no se aplicar\u00eda en su caso hasta finales de a\u00f1o.<\/span><\/p>\n","protected":false},"excerpt":{"rendered":"<p>En consecuencia, el Decreto Ley ha dejado de estar en vigor una vez se ha publicado en el Diario Oficial de la Generalitat de Catalunya de 27 de mayo de 2024 el acuerdo de no convalidaci\u00f3n y derogaci\u00f3n por parte del Parlamento.<\/p>\n","protected":false},"author":1,"featured_media":1263,"comment_status":"closed","ping_status":"open","sticky":false,"template":"","format":"standard","meta":{"footnotes":""},"categories":[44],"tags":[],"class_list":["post-4520","post","type-post","status-publish","format-standard","has-post-thumbnail","hentry","category-advocat-respon"],"_links":{"self":[{"href":"https:\/\/skills-crush.com\/cafur\/wp-json\/wp\/v2\/posts\/4520","targetHints":{"allow":["GET"]}}],"collection":[{"href":"https:\/\/skills-crush.com\/cafur\/wp-json\/wp\/v2\/posts"}],"about":[{"href":"https:\/\/skills-crush.com\/cafur\/wp-json\/wp\/v2\/types\/post"}],"author":[{"embeddable":true,"href":"https:\/\/skills-crush.com\/cafur\/wp-json\/wp\/v2\/users\/1"}],"replies":[{"embeddable":true,"href":"https:\/\/skills-crush.com\/cafur\/wp-json\/wp\/v2\/comments?post=4520"}],"version-history":[{"count":0,"href":"https:\/\/skills-crush.com\/cafur\/wp-json\/wp\/v2\/posts\/4520\/revisions"}],"wp:featuredmedia":[{"embeddable":true,"href":"https:\/\/skills-crush.com\/cafur\/wp-json\/"}],"wp:attachment":[{"href":"https:\/\/skills-crush.com\/cafur\/wp-json\/wp\/v2\/media?parent=4520"}],"wp:term":[{"taxonomy":"category","embeddable":true,"href":"https:\/\/skills-crush.com\/cafur\/wp-json\/wp\/v2\/categories?post=4520"},{"taxonomy":"post_tag","embeddable":true,"href":"https:\/\/skills-crush.com\/cafur\/wp-json\/wp\/v2\/tags?post=4520"}],"curies":[{"name":"wp","href":"https:\/\/api.w.org\/{rel}","templated":true}]}}