{"id":4172,"date":"2022-07-28T14:02:16","date_gmt":"2022-07-28T12:02:16","guid":{"rendered":"http:\/\/www.cafur.es\/blog\/?p=4172"},"modified":"2022-07-28T14:02:16","modified_gmt":"2022-07-28T12:02:16","slug":"arquitectes-de-catalunya-carme-pigem-rcr-arquitectes","status":"publish","type":"post","link":"https:\/\/skills-crush.com\/cafur\/arquitectes-de-catalunya-carme-pigem-rcr-arquitectes\/","title":{"rendered":"Arquitectes de Catalunya: Carme Pigem RCR Arquitectes"},"content":{"rendered":"<p><span style=\"font-weight: 400;\">En el nov\u00e8 article d&#8217;una de les seccions del nostre blog de m\u00e9s \u00e8xit,&nbsp;<\/span><span style=\"font-weight: 400;\">volem fer una petita excepci\u00f3 (no parlem d\u2019un arquitecte centrat a Barcelona) i parlar d\u2019una arquitecta, <strong>Carme Pigem i de l\u2019estudi d\u2019arquitectura RCR Arquitectes d\u2019 Olot<\/strong>, que va fundar al 1987 amb Ram\u00f3n Vilalta i Rafael Aranda.<\/span><\/p>\n<p><span style=\"font-weight: 400;\">Carme Pigem Barcel\u00f3 va n\u00e9ixer a Olot l\u2019any 1962. Va estudiar entre el 1977 i el 1979 a l&#8217;Escola de Belles Arts d&#8217;Olot i el 1987 va obtenir el t\u00edtol d&#8217;Arquitecta per l&#8217;ETSAV (Sant Cugat).&nbsp;<\/span><\/p>\n<p><img fetchpriority=\"high\" decoding=\"async\" class=\"aligncenter size-full wp-image-4173\" src=\"http:\/\/www.cafur.es\/blog\/wp-content\/uploads\/2022\/07\/carme-pigem.jpg\" alt=\"Carme Pigem\" width=\"667\" height=\"800\"><\/p>\n<p><span style=\"font-weight: 400;\">El 1987 funda l&#8217;estudi RCR Arquitectes amb Ram\u00f3n Vilalta i Rafael Aranda.<\/span><\/p>\n<p><span style=\"font-weight: 400;\">Amb els seus socis, van decidir instal\u00b7lar-se a la seva ciutat natal d&#8217;Olot a La Garrotxa, on hi ha molta de la seva obra, que t\u00e9 un estil molt caracter\u00edstic, marcat per la interrelaci\u00f3 que estableix amb el paisatge volc\u00e0nic de la zona.&nbsp;<\/span><\/p>\n<p><span style=\"font-weight: 400;\">Exemples s\u00f3n&nbsp; l&#8217;estadi d&#8217;atletisme (Olot, 1999-2011) immers al bosc, el Parc de la Pedra Tosca (Las Presas, 2004) ), que recupera el treball de parcel\u00b7laci\u00f3 agr\u00edcola als cr\u00e0ters volc\u00e0nics, o els cellers Bell-lloc (Palam\u00f3s 2005-2007), soterrats entre vinyes.<\/span><\/p>\n<p><span style=\"font-weight: 400;\">En algunes obres aquesta relaci\u00f3 amb la natura es materialitza pel seu car\u00e0cter d&#8217;espai intermedi entre all\u00f2 natural i all\u00f2 artificial, com el pavell\u00f3 de la pista d&#8217;atletisme (Olot, 2009-2012), el pavell\u00f3 d&#8217;acc\u00e9s a la Fageda d&#8217;en Jord\u00e0 (Olot, 1993-1994), el pavell\u00f3 del bany (Olot, 1995-1998) o l&#8217;espai cultural a Riudaura (1994-1999)<\/span><\/p>\n<p><span style=\"font-weight: 400;\">En altres obres, la relaci\u00f3 amb el paisatge vol una integraci\u00f3 entre l&#8217;interior i l&#8217;exterior que condueixi a la pr\u00e0ctica desmaterialitzaci\u00f3 de l&#8217;arquitectura. Per exemple, els pavellons del restaurant Les Cols (2002-2005) i la carpa del mateix restaurant (2007-2011).&nbsp;<\/span><\/p>\n<p><span style=\"font-weight: 400;\">A la Wikipedia, hi trobem un texte molt explicatiu&nbsp;<\/span><\/p>\n<blockquote>\n<p><span style=\"font-weight: 400;\">\u201cSegons Carme Pigem, l&#8217;arquitectura de RCR busca all\u00f2 essencial de cada programa, q\u00fcestionant els tipus establerts i abordant cada projecte des de zero. Entre les seves influ\u00e8ncies cita l&#8217;arquitectura tradicional japonesa, que van con\u00e8ixer en un viatge inici\u00e0tic com a resultat d&#8217;un concurs el 1989, per\u00f2 tamb\u00e9 registres en principi diferents de l&#8217;arquitectura com l&#8217;escultura de Jorge d&#8217;Oteiza, el landart de Richard Serra o el minimal de Donald Judd.\u201d<\/span><\/p>\n<\/blockquote>\n<p><span style=\"font-weight: 400;\">El 2017 rep el Premi Pritzker (considerat el Nobel de l\u2019Arquitectura) juntament amb els seus socis de RCR<\/span><\/p>\n<h3><b>Obres destacades (amb RCR)<\/b><\/h3>\n<h4><strong>Mediateca Waalse Krook, Gent. B\u00e8lgica<\/strong><\/h4>\n<p><img decoding=\"async\" class=\"aligncenter size-large wp-image-4179\" src=\"http:\/\/www.cafur.es\/blog\/wp-content\/uploads\/2022\/07\/RCR-CarmePigem-Mediateca-Waalse-KrookGentB\u00e8lgica-1024x646.jpg\" alt=\"Carme Pigem\" width=\"750\" height=\"473\"><\/p>\n<p><strong>Museu Soulages, Rodez. Fran\u00e7a<\/strong><\/p>\n<p><img decoding=\"async\" class=\"aligncenter size-large wp-image-4180\" src=\"http:\/\/www.cafur.es\/blog\/wp-content\/uploads\/2022\/07\/RCR-CarmePigem-MuseeSoulages-1024x646.jpg\" alt=\"Carme Pigem\" width=\"750\" height=\"473\"><\/p>\n<p><strong>Biblioteca Sant Antoni-Joan Oliver, casal d\u2019avis i jardins C\u00e1ndida P\u00e9rez, Barcelona<\/strong><\/p>\n<p><img loading=\"lazy\" decoding=\"async\" class=\"aligncenter size-large wp-image-4178\" src=\"http:\/\/www.cafur.es\/blog\/wp-content\/uploads\/2022\/07\/RCR-CarmePigem-Biblioteca-Sant-Antonis-1024x583.jpg\" alt=\"Carme Pigem\" width=\"750\" height=\"427\"><\/p>\n<p><strong>Estadi d\u2019atletisme Tossols Basil, Olot<\/strong><\/p>\n<p><img loading=\"lazy\" decoding=\"async\" class=\"aligncenter size-large wp-image-4177\" src=\"http:\/\/www.cafur.es\/blog\/wp-content\/uploads\/2022\/07\/RCR-CarmePigem-Atletisme-1024x688.jpg\" alt=\"Carme Pigem\" width=\"750\" height=\"504\"><\/p>\n<p>&nbsp;<\/p>\n<h3><b>Llibres<\/b><\/h3>\n<p><a href=\"https:\/\/www.amazon.es\/RCR-ARQUITECTES-2012-2017-Abstracci%C3%B3n\/dp\/8488386966\/ref=sr_1_1\" target=\"_blank\" rel=\"noopener\"><img loading=\"lazy\" decoding=\"async\" class=\"aligncenter size-full wp-image-4181\" src=\"http:\/\/www.cafur.es\/blog\/wp-content\/uploads\/2022\/07\/LLIBRE-croquis.jpg\" alt=\"\" width=\"360\" height=\"500\"><\/a><\/p>\n<p id=\"title\" class=\"a-spacing-none a-text-normal\" style=\"text-align: center;\"><span id=\"productTitle\" class=\"a-size-extra-large\">RCR ARQUITECTES, 2012 \/ 2017: Signicado en la Abstracci\u00f3n \/ Meaning in Abstraction (EL CROQUIS)<\/span><\/p>\n<h4><span style=\"font-size: 20px;\">Altres articles sobre <a href=\"http:\/\/www.cafur.es\/blog\/category\/arquitectes-de-barcelona\/\">Arquitectes de Barcelona<\/a><\/span><\/h4>\n<hr>\n<p><span style=\"font-weight: 400; font-size: 12px;\">Fonts:<\/span><\/p>\n<p>Imatges i obres: p\u00e0gina oficial RCR arquitectes<\/p>\n<p>&nbsp;<\/p>\n","protected":false},"excerpt":{"rendered":"<p>En el nov\u00e8 article d&#8217;una de les seccions del nostre blog de m\u00e9s \u00e8xit,\u00a0volem fer una petita excepci\u00f3 (no parlem d\u2019un arquitecte centrat a Barcelona) i parlar d\u2019una arquitecta, Carme Pigem i de l\u2019estudi d\u2019arquitectura RCR Arquitectes d\u2019 Olot, que va fundar al 1987 amb Ram\u00f3n Vilalta i Rafael Aranda.<\/p>\n","protected":false},"author":1,"featured_media":4174,"comment_status":"closed","ping_status":"open","sticky":false,"template":"","format":"standard","meta":{"footnotes":""},"categories":[50],"tags":[19],"class_list":["post-4172","post","type-post","status-publish","format-standard","has-post-thumbnail","hentry","category-arquitectes-de-barcelona","tag-arquitectura"],"_links":{"self":[{"href":"https:\/\/skills-crush.com\/cafur\/wp-json\/wp\/v2\/posts\/4172","targetHints":{"allow":["GET"]}}],"collection":[{"href":"https:\/\/skills-crush.com\/cafur\/wp-json\/wp\/v2\/posts"}],"about":[{"href":"https:\/\/skills-crush.com\/cafur\/wp-json\/wp\/v2\/types\/post"}],"author":[{"embeddable":true,"href":"https:\/\/skills-crush.com\/cafur\/wp-json\/wp\/v2\/users\/1"}],"replies":[{"embeddable":true,"href":"https:\/\/skills-crush.com\/cafur\/wp-json\/wp\/v2\/comments?post=4172"}],"version-history":[{"count":0,"href":"https:\/\/skills-crush.com\/cafur\/wp-json\/wp\/v2\/posts\/4172\/revisions"}],"wp:featuredmedia":[{"embeddable":true,"href":"https:\/\/skills-crush.com\/cafur\/wp-json\/"}],"wp:attachment":[{"href":"https:\/\/skills-crush.com\/cafur\/wp-json\/wp\/v2\/media?parent=4172"}],"wp:term":[{"taxonomy":"category","embeddable":true,"href":"https:\/\/skills-crush.com\/cafur\/wp-json\/wp\/v2\/categories?post=4172"},{"taxonomy":"post_tag","embeddable":true,"href":"https:\/\/skills-crush.com\/cafur\/wp-json\/wp\/v2\/tags?post=4172"}],"curies":[{"name":"wp","href":"https:\/\/api.w.org\/{rel}","templated":true}]}}