{"id":4112,"date":"2022-05-12T13:11:41","date_gmt":"2022-05-12T11:11:41","guid":{"rendered":"http:\/\/www.cafur.es\/blog\/?p=4112"},"modified":"2022-05-12T13:11:41","modified_gmt":"2022-05-12T11:11:41","slug":"arquitectes-de-barcelona-carme-pinos","status":"publish","type":"post","link":"https:\/\/skills-crush.com\/cafur\/arquitectes-de-barcelona-carme-pinos\/","title":{"rendered":"Arquitectes de Barcelona: Carme Pin\u00f3s"},"content":{"rendered":"<p><span style=\"font-weight: 400;\">En el set\u00e8 article d&#8217;una de les seccions del nostre blog de m\u00e9s \u00e8xit, Arquitectes de Barcelona, continuem. Avui a&nbsp;<\/span><span style=\"font-weight: 400;\"><strong>Arquitectes de Barcelona: Carme Pin\u00f3s , <\/strong>una de les grans arquitectes de l&#8217;actualitat i Premi Nacional d&#8217;Arquitectura d&#8217;Espanya de 2021.&nbsp;<\/span><\/p>\n<h2>Arquitectes de Barcelona: Carme Pin\u00f3s<\/h2>\n<h3>Fitxa resumida de les dades b\u00e0siques<\/h3>\n<p><span style=\"font-weight: 400;\"><strong>Naixement<\/strong>:&nbsp;<\/span> <span style=\"font-weight: 400;\">23 de Juny 1954 a Barcelona<\/span><\/p>\n<p><span style=\"font-weight: 400;\"><strong>Formaci\u00f3<\/strong>:&nbsp;<\/span><span style=\"font-weight: 400;\">Escola T\u00e8cnica Superior d&#8217;Arquitectura de Barcelona, UPC<\/span><\/p>\n<p><span style=\"font-weight: 400;\"><strong>Camp de treball<\/strong>:<\/span> <span style=\"font-weight: 400;\">Arquitectura<\/span><\/p>\n<p><span style=\"font-weight: 400;\"><img fetchpriority=\"high\" decoding=\"async\" class=\"aligncenter size-full wp-image-4117\" src=\"http:\/\/www.cafur.es\/blog\/wp-content\/uploads\/2022\/05\/carme-pino\u0301s.jpeg\" alt=\"\" width=\"800\" height=\"523\"><\/span><\/p>\n<h3>&nbsp;<\/h3>\n<h3><b>Biografia&nbsp;<\/b><\/h3>\n<p>Carme Pin\u00f3s va n\u00e9ixer a Barcelona, filla de Tom\u00e1s Pin\u00f3s, metge . Mentre estudiava arquitectura, \u200b\u200bva ajudar la seva mare a dirigir la finca agr\u00edcola que tenien a Balaguer (Lleida) i aix\u00f2 la va influir en la seva concepci\u00f3 paisatg\u00edstica per projectar edificis adequats al car\u00e0cter particular de cada lloc.<\/p>\n<p>A l&#8217;ETSAB va con\u00e8ixer Enric Miralles (1955-2000), el seu marit i soci durant m\u00e9s d&#8217;una d\u00e8cada.<\/p>\n<p>D&#8217;aquesta etapa amb Miralles destaquen obres com el Cementiri d&#8217;Igualada, l&#8217;Escola La Llauna, el Centre Social a Hostalets de Baleny\u00e0, el Camp Ol\u00edmpic de Tir amb Arc de Barcelona i l&#8217;Escola-Llar a Morella. Per aquesta darrera obra van rebre el Premi Nacional d&#8217;Arquitectura el 1995.<\/p>\n<p>El 1991 va fundar el seu propi estudi sota el nom d&#8217;Estudi Carme Pin\u00f3s que el 1996 guanya el concurs per construir el Passeig Mar\u00edtim de Torrevieja.<\/p>\n<p>Entre els seus projectes posteriors m\u00e9s destacats hi ha el Pla General del centre hist\u00f2ric de Saint Dizier (Fran\u00e7a), el centre cultural i d&#8217;exposicions CaixaForum Saragossa; i el conjunt compost per la pla\u00e7a de la Gardunya, l&#8217;Escola Massana, un edifici d&#8217;habitatges i la fa\u00e7ana posterior del mercat de la Boqueria, a Barcelona.<\/p>\n<p>Al desembre de 2021 \u00e9s distingida amb el Premi Nacional d&#8217;Arquitectura&nbsp;<\/p>\n<p>&nbsp;<\/p>\n<h3><b>Llibres sobre Carme Pin\u00f3s&nbsp;<\/b><\/h3>\n<p id=\"title\" class=\"a-spacing-none a-text-normal\" style=\"text-align: center;\"><img decoding=\"async\" class=\"aligncenter  wp-image-4119\" src=\"http:\/\/www.cafur.es\/blog\/wp-content\/uploads\/2022\/05\/Carme-Pinos-Architecture-841x1024.jpeg\" alt=\"\" width=\"637\" height=\"775\"><\/p>\n<p>&nbsp;<\/p>\n<p style=\"text-align: center;\"><a href=\"https:\/\/www.amazon.es\/Carme-Pinos-Architectures-Daniela-Colafranceschi\/dp\/1908967803\/ref=sr_1_1?__mk_es_ES=%C3%85M%C3%85%C5%BD%C3%95%C3%91&amp;crid=31GJPCX34IPF5&amp;keywords=carme+pin%C3%B3s&amp;qid=1652350821&amp;sprefix=carme+pin%C3%B3s%2Caps%2C400&amp;sr=8-1\" target=\"_blank\" rel=\"noopener\">M\u00e9s informaci\u00f3 i comprar<\/a><\/p>\n<p>&nbsp;<\/p>\n<h3>&nbsp;<\/h3>\n<h3><b>Obres destacades de Carme Pin\u00f3s<\/b><\/h3>\n<p><strong>Cementiri d&#8217;Igualada (amb Enric Miralles)<\/strong><\/p>\n<p><span style=\"font-weight: 400;\">Igualada<\/span><\/p>\n<p><img decoding=\"async\" class=\"aligncenter size-large wp-image-4120\" src=\"http:\/\/www.cafur.es\/blog\/wp-content\/uploads\/2022\/05\/Carme-Pinos-Cementiri-Igualada-1024x768.jpeg\" alt=\"\" width=\"750\" height=\"563\"><\/p>\n<p>&nbsp;<\/p>\n<p><strong>Avda Ic\u00e0ria<\/strong><\/p>\n<p><span style=\"font-weight: 400;\">Barcelona<\/span><\/p>\n<p style=\"text-align: center;\"><img loading=\"lazy\" decoding=\"async\" class=\"aligncenter size-large wp-image-4123\" src=\"http:\/\/www.cafur.es\/blog\/wp-content\/uploads\/2022\/05\/Carme-Pinos-Zaragoza_Caixa_Forum-1024x768.jpeg\" alt=\"\" width=\"750\" height=\"563\"><\/p>\n<p>&nbsp;<\/p>\n<p><b>Edifici de Departaments. Campus WU de Viena (Austria)<\/b><\/p>\n<p>2008 &#8211; 2013<\/p>\n<p><img loading=\"lazy\" decoding=\"async\" class=\"aligncenter size-large wp-image-4124\" src=\"http:\/\/www.cafur.es\/blog\/wp-content\/uploads\/2022\/05\/carme_pinos_wu_viena_02-1024x554.jpeg\" alt=\"\" width=\"750\" height=\"406\"><\/p>\n<p>&nbsp;<\/p>\n<p>&nbsp;<\/p>\n<h4><span style=\"font-size: 20px;\">Altres articles sobre <a href=\"http:\/\/www.cafur.es\/blog\/category\/arquitectes-de-barcelona\/\">Arquitectes de Barcelona<\/a><\/span><\/h4>\n<hr>\n<p><span style=\"font-weight: 400; font-size: 12px;\">Fonts:<\/span><\/p>\n<p><span style=\"font-size: 10px;\">https:\/\/ca.wikipedia.org\/wiki\/Carme_Pin%C3%B3s_i_Desplat<\/span><\/p>\n<p><span style=\"font-size: 10px;\">https:\/\/es.wikipedia.org\/wiki\/Carme_Pin%C3%B3s<\/span><\/p>\n<p><span style=\"font-size: 10px;\">https:\/\/www.cpinos.com\/index.php<\/span><\/p>\n<p><span style=\"font-size: 10px;\">Imatges:<\/span><\/p>\n<p><span style=\"font-size: 10px;\">De Italo Rondinella &#8211; Arquitectas &#8211; El rostro femenino de la arquitectura contempor\u00e1nea en Barcelona, CC BY-SA 4.0, https:\/\/commons.wikimedia.org\/w\/index.php?curid=105512154<\/span><\/p>\n<p>&nbsp;<\/p>\n","protected":false},"excerpt":{"rendered":"<p>En el set\u00e8 article d&#8217;una de les seccions del nostre blog de m\u00e9s \u00e8xit, Arquitectes de Barcelona, continuem. Avui a\u00a0Arquitectes de Barcelona: Carme Pin\u00f3s<\/p>\n","protected":false},"author":1,"featured_media":4114,"comment_status":"closed","ping_status":"open","sticky":false,"template":"","format":"standard","meta":{"footnotes":""},"categories":[50],"tags":[19],"class_list":["post-4112","post","type-post","status-publish","format-standard","has-post-thumbnail","hentry","category-arquitectes-de-barcelona","tag-arquitectura"],"_links":{"self":[{"href":"https:\/\/skills-crush.com\/cafur\/wp-json\/wp\/v2\/posts\/4112","targetHints":{"allow":["GET"]}}],"collection":[{"href":"https:\/\/skills-crush.com\/cafur\/wp-json\/wp\/v2\/posts"}],"about":[{"href":"https:\/\/skills-crush.com\/cafur\/wp-json\/wp\/v2\/types\/post"}],"author":[{"embeddable":true,"href":"https:\/\/skills-crush.com\/cafur\/wp-json\/wp\/v2\/users\/1"}],"replies":[{"embeddable":true,"href":"https:\/\/skills-crush.com\/cafur\/wp-json\/wp\/v2\/comments?post=4112"}],"version-history":[{"count":0,"href":"https:\/\/skills-crush.com\/cafur\/wp-json\/wp\/v2\/posts\/4112\/revisions"}],"wp:featuredmedia":[{"embeddable":true,"href":"https:\/\/skills-crush.com\/cafur\/wp-json\/"}],"wp:attachment":[{"href":"https:\/\/skills-crush.com\/cafur\/wp-json\/wp\/v2\/media?parent=4112"}],"wp:term":[{"taxonomy":"category","embeddable":true,"href":"https:\/\/skills-crush.com\/cafur\/wp-json\/wp\/v2\/categories?post=4112"},{"taxonomy":"post_tag","embeddable":true,"href":"https:\/\/skills-crush.com\/cafur\/wp-json\/wp\/v2\/tags?post=4112"}],"curies":[{"name":"wp","href":"https:\/\/api.w.org\/{rel}","templated":true}]}}