{"id":4041,"date":"2022-02-22T18:58:09","date_gmt":"2022-02-22T16:58:09","guid":{"rendered":"http:\/\/www.cafur.es\/blog\/?p=4041"},"modified":"2022-02-22T18:58:09","modified_gmt":"2022-02-22T16:58:09","slug":"arquitectes-de-barcelona-ricardo-bofill","status":"publish","type":"post","link":"https:\/\/skills-crush.com\/cafur\/arquitectes-de-barcelona-ricardo-bofill\/","title":{"rendered":"Arquitectes de Barcelona: Ricardo Bofill"},"content":{"rendered":"<p><span style=\"font-weight: 400;\">En el sis\u00e8 article d&#8217;una de les seccions del nostre blog de m\u00e9s \u00e8xit, Arquitectes de Barcelona, continuem. Com en el cas d&#8217; Oriol Bohigas, hem de parlar d&#8217;un dels grans que ens ha deixat recentment. Avui a&nbsp;<\/span><span style=\"font-weight: 400;\"><strong>Arquitectes de Barcelona: Ricardo Bofill. <\/strong>Est\u00e0 considerat com un dels principals impulsors de l\u2019arquitectura catalana de la segona meitat del segle&nbsp;<span title=\"Nombre&nbsp;escrit en xifres romanes\">xx<\/span>&nbsp;i com un dels m\u00e0xims representants de l&#8217;estil postmodern<\/span><\/p>\n<h2>Arquitectes de Barcelona: Ricardo Bofill<\/h2>\n<h3>Fitxa resumida de les dades b\u00e0siques<\/h3>\n<p><span style=\"font-weight: 400;\"><strong>Naixement<\/strong>:&nbsp;<\/span> <span style=\"font-weight: 400;\">5 Desembre de 1939 a Barcelona<\/span><\/p>\n<p><span style=\"font-weight: 400;\"><strong>Mort<\/strong>:<\/span>&nbsp;14 de Gener de 2022<span style=\"font-weight: 400;\">&nbsp;a Barcelona<\/span><\/p>\n<p><span style=\"font-weight: 400;\"><strong>Formaci\u00f3<\/strong>:&nbsp;<\/span><span style=\"font-weight: 400;\">Universitat de Ginebra<\/span><\/p>\n<p><span style=\"font-weight: 400;\"><strong>Camp de treball<\/strong>:<\/span> <span style=\"font-weight: 400;\">Arquitectura, Urbanisme, Director de Cinema, Escriptor<\/span><\/p>\n<p><span style=\"font-weight: 400;\"><img fetchpriority=\"high\" decoding=\"async\" class=\"aligncenter size-full wp-image-4044\" src=\"http:\/\/www.cafur.es\/blog\/wp-content\/uploads\/2022\/02\/ricardo-bofill-levi_.jpg\" alt=\"Ricardo Bofill\" width=\"652\" height=\"809\"><\/span><\/p>\n<p>&nbsp;<\/p>\n<h3>&nbsp;<\/h3>\n<h3><b>Biografia&nbsp;<\/b><\/h3>\n<p>Ricardo Bofill Levi va n\u00e9ixer el 5 de desembre de 1939 a Barcelona.<\/p>\n<p>El seu pare, Emilio Bofill, tamb\u00e9 va ser arquitecte.<\/p>\n<p>Va cursar estudis a Ginebra (Su\u00efssa). I a l&#8217;Escola T\u00e8cnica Superior d&#8217;Arquitectura de Barcelona, \u200b\u200bd&#8217;on va ser expulsat el 1957 per les activitats pol\u00edtiques.<\/p>\n<p>L&#8217;any 1962 va fundar el Taller d&#8217;Arquitectura, amb un equip multidisciplinar&nbsp; compost per enginyers, soci\u00f2legs, arquitectes, m\u00fasics, poetes i altres artistes&nbsp;&nbsp;com l\u2019escriptor&nbsp;J.A. Goytisolo&nbsp;i el fil\u00f2sof&nbsp;Xavier Rubert de Vent\u00f3s i van influir decissivament en la renovaci\u00f3 de l\u2019arquitectura i l\u2019urbanisme dels anys seixanta.<\/p>\n<p>Va rebre molts premis, entre ells la Creu de Sant Jordi de la Generalitat de Catalunya, l&#8217;any 1973. Va ser&nbsp;Doctor Honoris Causa per la Universitat de Metz, Fran\u00e7a&nbsp; i Officier de l\u2019Ordre des Arts et des Lettres, del Ministeri de Cultura franc\u00e8s al 1988.<\/p>\n<p>&nbsp;<\/p>\n<p>&nbsp;<\/p>\n<h3><b>Llibres de i sobre Ricardo Bofill&nbsp;<\/b><\/h3>\n<p id=\"title\" class=\"a-spacing-none a-text-normal\" style=\"text-align: center;\"><span id=\"productTitle\" class=\"a-size-extra-large\">Espacio y vida (Ensayo)<\/span><\/p>\n<p><img decoding=\"async\" class=\"aligncenter  wp-image-4045\" src=\"http:\/\/www.cafur.es\/blog\/wp-content\/uploads\/2022\/02\/Libro-Ricardo-Bofill-681x1024.jpg\" alt=\"Espacio y vida Libro Ricardo Bofill\" width=\"430\" height=\"647\"><\/p>\n<p style=\"text-align: center;\"><a href=\"https:\/\/www.amazon.es\/Espacio-y-vida-Ricardo-Bofill\/dp\/8472231658\/ref=sr_1_1\" target=\"_blank\" rel=\"noopener\">M\u00e9s informaci\u00f3 i comprar<\/a><\/p>\n<p>&nbsp;<\/p>\n<h3>&nbsp;<\/h3>\n<h3><b>Obres destacades de Ricardo Bofill<\/b><\/h3>\n<p><strong>Walden 7<\/strong><\/p>\n<p><span style=\"font-weight: 400;\">Sant Just Desvern, Barcelona<\/span><\/p>\n<p><img decoding=\"async\" class=\"aligncenter size-large wp-image-4046\" src=\"http:\/\/www.cafur.es\/blog\/wp-content\/uploads\/2022\/02\/Walden7-1024x768.jpg\" alt=\"\" width=\"750\" height=\"563\"><\/p>\n<p>&nbsp;<\/p>\n<p><strong>Terminal 1 Aeroport de Barcelona<\/strong><\/p>\n<p><span style=\"font-weight: 400;\">El Prat, Barcelona<\/span><\/p>\n<h4>&nbsp;<\/h4>\n<p style=\"text-align: center;\"><img loading=\"lazy\" decoding=\"async\" class=\"aligncenter size-full wp-image-4047\" src=\"http:\/\/www.cafur.es\/blog\/wp-content\/uploads\/2022\/02\/ricardo-bofill-taller-arquitectura-new-barcelona-airport-terminal-1-spain-23-1440x1186_19_768x384.jpeg\" alt=\"\" width=\"768\" height=\"384\"><\/p>\n<p>&nbsp;<\/p>\n<p><strong>Hotel W Barcelona<\/strong><\/p>\n<p>&nbsp;<\/p>\n<p><img loading=\"lazy\" decoding=\"async\" class=\"aligncenter size-large wp-image-4048\" src=\"http:\/\/www.cafur.es\/blog\/wp-content\/uploads\/2022\/02\/hotel-w-vela-1024x683.jpeg\" alt=\"\" width=\"750\" height=\"500\"><\/p>\n<p>&nbsp;<\/p>\n<p><strong>Seu Grup Desigual<\/strong><\/p>\n<p>Barcelona<\/p>\n<p><img loading=\"lazy\" decoding=\"async\" class=\"aligncenter size-large wp-image-4049\" src=\"http:\/\/www.cafur.es\/blog\/wp-content\/uploads\/2022\/02\/Barcelona_-_Desigual_Store_Barceloneta_Beach_07-1024x768.jpg\" alt=\"\" width=\"750\" height=\"563\"><\/p>\n<p>&nbsp;<\/p>\n<p>&nbsp;<\/p>\n<p>&nbsp;<\/p>\n<h4><span style=\"font-size: 20px;\">Altres articles sobre <a href=\"http:\/\/www.cafur.es\/blog\/category\/arquitectes-de-barcelona\/\">Arquitectes de Barcelona<\/a><\/span><\/h4>\n<hr>\n<p><span style=\"font-weight: 400; font-size: 12px;\">Fonts:<\/span><\/p>\n<p><span style=\"font-size: 10px;\">https:\/\/es.wikipedia.org\/wiki\/Ricardo_Bofi ll<\/span><\/p>\n<p><span style=\"font-size: 10px;\">https:\/\/www.buscabiografias.com\/biografia\/verDetalle\/5731\/Ricardo%20Bo fill<\/span><\/p>\n<p><span style=\"font-size: 10px;\">Imatges:<\/span><\/p>\n<p><span style=\"font-size: 10px;\">By Zarateman &#8211; Own work, CC0, https:\/\/commons.wikimedia.org\/w\/index.php?curid=58791588<\/span><\/p>\n<p><span style=\"font-size: 10px;\">https:\/\/commons.wikimedia.org\/wiki\/Category:Ricardo_Bofill<\/span><\/p>\n<p>&nbsp;<\/p>\n","protected":false},"excerpt":{"rendered":"<p>En el sis\u00e8 article d&#8217;una de les seccions del nostre blog de m\u00e9s \u00e8xit, Arquitectes de Barcelona, continuem.Avui: Ricardo Bofill<\/p>\n","protected":false},"author":1,"featured_media":4050,"comment_status":"closed","ping_status":"open","sticky":false,"template":"","format":"standard","meta":{"footnotes":""},"categories":[50],"tags":[19,29],"class_list":["post-4041","post","type-post","status-publish","format-standard","has-post-thumbnail","hentry","category-arquitectes-de-barcelona","tag-arquitectura","tag-barcelona"],"_links":{"self":[{"href":"https:\/\/skills-crush.com\/cafur\/wp-json\/wp\/v2\/posts\/4041","targetHints":{"allow":["GET"]}}],"collection":[{"href":"https:\/\/skills-crush.com\/cafur\/wp-json\/wp\/v2\/posts"}],"about":[{"href":"https:\/\/skills-crush.com\/cafur\/wp-json\/wp\/v2\/types\/post"}],"author":[{"embeddable":true,"href":"https:\/\/skills-crush.com\/cafur\/wp-json\/wp\/v2\/users\/1"}],"replies":[{"embeddable":true,"href":"https:\/\/skills-crush.com\/cafur\/wp-json\/wp\/v2\/comments?post=4041"}],"version-history":[{"count":0,"href":"https:\/\/skills-crush.com\/cafur\/wp-json\/wp\/v2\/posts\/4041\/revisions"}],"wp:featuredmedia":[{"embeddable":true,"href":"https:\/\/skills-crush.com\/cafur\/wp-json\/"}],"wp:attachment":[{"href":"https:\/\/skills-crush.com\/cafur\/wp-json\/wp\/v2\/media?parent=4041"}],"wp:term":[{"taxonomy":"category","embeddable":true,"href":"https:\/\/skills-crush.com\/cafur\/wp-json\/wp\/v2\/categories?post=4041"},{"taxonomy":"post_tag","embeddable":true,"href":"https:\/\/skills-crush.com\/cafur\/wp-json\/wp\/v2\/tags?post=4041"}],"curies":[{"name":"wp","href":"https:\/\/api.w.org\/{rel}","templated":true}]}}