{"id":4008,"date":"2022-01-04T18:36:29","date_gmt":"2022-01-04T16:36:29","guid":{"rendered":"http:\/\/www.cafur.es\/blog\/?p=4008"},"modified":"2022-01-04T18:36:29","modified_gmt":"2022-01-04T16:36:29","slug":"arquitectes-de-barcelona-oriol-bohigas","status":"publish","type":"post","link":"https:\/\/skills-crush.com\/cafur\/arquitectes-de-barcelona-oriol-bohigas\/","title":{"rendered":"Arquitectes de Barcelona: Oriol Bohigas"},"content":{"rendered":"<p><span style=\"font-weight: 400;\">Avui, en el cinqu\u00e8 article d&#8217;una de les seccions del nostre blog de m\u00e9s \u00e8xit, Arquitectes de Barcelona, continuem. Per raons \u00f2bvies d&#8217;actualitat, avui a&nbsp;<\/span><span style=\"font-weight: 400;\"><strong>Arquitectes de Barcelona: Oriol Bohigas<\/strong><\/span><\/p>\n<h2>Arquitectes de Barcelona: Oriol Bohigas<\/h2>\n<h3>Fitxa resumida de les dades b\u00e0siques<\/h3>\n<p><span style=\"font-weight: 400;\"><strong>Naixement<\/strong>:&nbsp;<\/span> <span style=\"font-weight: 400;\">20 Desembre 1925 a Barcelona<\/span><\/p>\n<p><span style=\"font-weight: 400;\"><strong>Mort<\/strong>:<\/span>&nbsp;30 Novembre de 2021<span style=\"font-weight: 400;\">&nbsp;a Barcelona<\/span><\/p>\n<p><span style=\"font-weight: 400;\"><strong>Formaci\u00f3<\/strong>:&nbsp;<\/span><span style=\"font-weight: 400;\">Escola T\u00e8cnica Superior d&#8217;Arquitectura de Barcelona<\/span><\/p>\n<p><span style=\"font-weight: 400;\"><strong>Camp de treball<\/strong>:<\/span> <span style=\"font-weight: 400;\">Arquitectura, Urbanisme, Professor d&#8217;Universitat, Pol\u00edtic<\/span><\/p>\n<p><span style=\"font-weight: 400;\"><img fetchpriority=\"high\" decoding=\"async\" class=\"aligncenter  wp-image-4010\" src=\"http:\/\/www.cafur.es\/blog\/wp-content\/uploads\/2022\/01\/Oriol_Bohigas_guardonat_amb_la_Medalla_dOr_de_la_Generalitat_de_Catalunya.jpg\" alt=\"arquitectes de barcelona oriol bohigas\" width=\"508\" height=\"678\"><\/span><\/p>\n<p>&nbsp;<\/p>\n<h3>&nbsp;<\/h3>\n<h3><b>Biografia&nbsp;<\/b><\/h3>\n<p>Oriol Bohigas va n\u00e9ixer el 20 de desembre de 1925 a Barcelona.<\/p>\n<p>El 1943 ingress\u00e0 a l&#8217;Escola T\u00e8cnica Superior d&#8217;Arquitectura de Barcelona, graduant-se al 1951. Al 1961 aconsegueix el t\u00edtol de T\u00e8cnic Diplomat en Urbanisme i el 1963 el t\u00edtol de Doctor Arquitecte.<\/p>\n<p>Fou part de l&#8217;equip fundador d&#8217; Edicions 62 i president d&#8217;aquest grup editorial del 1975 fins al 1999. De 1981 a 1988 fou president de la Fundaci\u00f3 Mir\u00f3. I del 2003 al 2011 va ser president de l&#8217;Ateneu Barcelon\u00e8s.<\/p>\n<p>L&#8217;any 1986 va rebre la Medalla d&#8217;Or al M\u00e8rit Art\u00edstic de la Ciutat de Barcelona, el 1988 la Medalla d&#8217;Urbanisme de l&#8217;Acad\u00e9mie d&#8217;Architecture de Paris i el 1990 li fou concedida la Medalla d&#8217;Or de l&#8217;Arquitectura, del Consejo Superior de los Colegios de Arquitectos de Espa\u00f1a, que comparteix amb Francisco de As\u00eds Cabrero.<\/p>\n<p>L&#8217;any 1991 fou guardonat amb la Creu de Sant Jordi .<\/p>\n<p>L&#8217;any 1999 obtingu\u00e9 el Premi Ciutat de Barcelona a la Projecci\u00f3 Internacional atorgat per l&#8217;Ajuntament de Barcelona. Al 2006 li van concedir la Medalla Francesc Maci\u00e0 de la Generalitat de Catalunya,i el 2008 va rebre el Premio Nacional de Arquitectura 2006.&nbsp;<\/p>\n<p>Era Acad\u00e8mic d&#8217;Honor de la Reial Acad\u00e8mia Catalana de Belles Arts de Sant Jordi i de la Real Academia de Bellas Artes de San Fernando, i tamb\u00e9 soci d&#8217;honor del Cercle Art\u00edstic de Sant Lluc.<\/p>\n<p>&nbsp;<\/p>\n<h3><b>Llibres sobre Oriol Bohigas&nbsp;<\/b><\/h3>\n<p id=\"title\" class=\"a-spacing-none a-text-normal\" style=\"text-align: center;\"><span id=\"productTitle\" class=\"a-size-extra-large\">Modernidad en la arquitectura de la Espa\u00f1a republicana (Ensayo)<\/span><\/p>\n<p><a href=\"https:\/\/amzn.to\/3KneTYJ\" target=\"_blank\" rel=\"noopener\"><img decoding=\"async\" class=\"aligncenter wp-image-4013\" src=\"http:\/\/www.cafur.es\/blog\/wp-content\/uploads\/2022\/01\/libro-bohigas-8192clBQcRL-684x1024.jpg\" alt=\"Modernidad en la arquitectura de la Espa\u00f1a republicana (Ensayo)\" width=\"372\" height=\"557\"><\/a><\/p>\n<p style=\"text-align: center;\"><a href=\"https:\/\/amzn.to\/3KneTYJ\" target=\"_blank\" rel=\"noopener\">M\u00e9s informaci\u00f3 i comprar<\/a><\/p>\n<p>&nbsp;<\/p>\n<h3>&nbsp;<\/h3>\n<h3><b>Obres destacades d&#8217; Oriol Bohigas<\/b><\/h3>\n<p><strong>Disseny Hub<\/strong><\/p>\n<p><span style=\"font-weight: 400;\">P.Gl\u00f2ries, Barcelona<\/span><\/p>\n<p><img decoding=\"async\" class=\"aligncenter size-large wp-image-4014\" src=\"http:\/\/www.cafur.es\/blog\/wp-content\/uploads\/2022\/01\/dissenyhubbarcelona-1024x590.jpg\" alt=\"Disseny Hub\" width=\"750\" height=\"432\"><\/p>\n<p>&nbsp;<\/p>\n<p><strong>Tecno-Campus Matar\u00f3<\/strong><\/p>\n<p><span style=\"font-weight: 400;\">Carrer Ernest Lluch 32, Matar\u00f3<\/span><\/p>\n<h4>&nbsp;<\/h4>\n<p style=\"text-align: center;\"><img loading=\"lazy\" decoding=\"async\" class=\"aligncenter size-large wp-image-4015\" src=\"http:\/\/www.cafur.es\/blog\/wp-content\/uploads\/2022\/01\/tecnocampus_10-1024x382.jpg\" alt=\"tecno campus matar\u00f3\" width=\"750\" height=\"280\"><\/p>\n<p>&nbsp;<\/p>\n<p><strong>Estaci\u00f3 Metro Liceu L3 Barcelona<\/strong><\/p>\n<p>&nbsp;<\/p>\n<p><img loading=\"lazy\" decoding=\"async\" class=\"aligncenter size-full wp-image-4016\" src=\"http:\/\/www.cafur.es\/blog\/wp-content\/uploads\/2022\/01\/estaciometroliceudefault.jpg\" alt=\"Estaci\u00f3 Metro Liceu\" width=\"800\" height=\"441\"><\/p>\n<p>&nbsp;<\/p>\n<p><strong>Grup Escolar Abat Marcet<\/strong><\/p>\n<p>Terrassa<\/p>\n<p><img loading=\"lazy\" decoding=\"async\" class=\"aligncenter size-large wp-image-4017\" src=\"http:\/\/www.cafur.es\/blog\/wp-content\/uploads\/2022\/01\/Grup_escolar_Abat_Marcet-1024x584.jpg\" alt=\"\" width=\"750\" height=\"428\"><\/p>\n<p>&nbsp;<\/p>\n<p>&nbsp;<\/p>\n<p>&nbsp;<\/p>\n<h4><span style=\"font-size: 20px;\">Altres articles sobre <a href=\"http:\/\/www.cafur.es\/blog\/category\/arquitectes-de-barcelona\/\">Arquitectes de Barcelona<\/a><\/span><\/h4>\n<hr>\n<p><span style=\"font-weight: 400; font-size: 12px;\">Fonts:<\/span><\/p>\n<p><span style=\"font-size: 10px;\">https:\/\/ca.w ikipedia.org\/wiki\/Oriol_Bohigas_i_Guardiola<\/span><\/p>\n<p><span style=\"font-size: 10px;\">http:\/\/www.mbmarquitectes.cat\/&nbsp;<\/span><\/p>\n<p><span style=\"font-size: 10px;\">https:\/\/www.biogr afiasyvidas.com\/biografia\/b\/bohigas.htm<\/span><\/p>\n<p><span style=\"font-size: 10px;\">https:\/\/www.arquitecturacatalana.cat\/es\/autores\/oriol-b ohigas-i-guardiola<\/span><\/p>\n","protected":false},"excerpt":{"rendered":"<p>Avui, en el cinqu\u00e8 article d&#8217;una de les seccions del nostre blog de m\u00e9s \u00e8xit, Arquitectes de Barcelona, continuem. Per raons \u00f2bvies d&#8217;actualitat, avui a\u00a0Arquitectes de Barcelona: Oriol Bohigas<\/p>\n","protected":false},"author":1,"featured_media":4011,"comment_status":"closed","ping_status":"open","sticky":false,"template":"","format":"standard","meta":{"footnotes":""},"categories":[50],"tags":[19,29],"class_list":["post-4008","post","type-post","status-publish","format-standard","has-post-thumbnail","hentry","category-arquitectes-de-barcelona","tag-arquitectura","tag-barcelona"],"_links":{"self":[{"href":"https:\/\/skills-crush.com\/cafur\/wp-json\/wp\/v2\/posts\/4008","targetHints":{"allow":["GET"]}}],"collection":[{"href":"https:\/\/skills-crush.com\/cafur\/wp-json\/wp\/v2\/posts"}],"about":[{"href":"https:\/\/skills-crush.com\/cafur\/wp-json\/wp\/v2\/types\/post"}],"author":[{"embeddable":true,"href":"https:\/\/skills-crush.com\/cafur\/wp-json\/wp\/v2\/users\/1"}],"replies":[{"embeddable":true,"href":"https:\/\/skills-crush.com\/cafur\/wp-json\/wp\/v2\/comments?post=4008"}],"version-history":[{"count":0,"href":"https:\/\/skills-crush.com\/cafur\/wp-json\/wp\/v2\/posts\/4008\/revisions"}],"wp:featuredmedia":[{"embeddable":true,"href":"https:\/\/skills-crush.com\/cafur\/wp-json\/"}],"wp:attachment":[{"href":"https:\/\/skills-crush.com\/cafur\/wp-json\/wp\/v2\/media?parent=4008"}],"wp:term":[{"taxonomy":"category","embeddable":true,"href":"https:\/\/skills-crush.com\/cafur\/wp-json\/wp\/v2\/categories?post=4008"},{"taxonomy":"post_tag","embeddable":true,"href":"https:\/\/skills-crush.com\/cafur\/wp-json\/wp\/v2\/tags?post=4008"}],"curies":[{"name":"wp","href":"https:\/\/api.w.org\/{rel}","templated":true}]}}