{"id":394,"date":"2014-12-31T04:56:37","date_gmt":"2014-12-31T04:56:37","guid":{"rendered":"http:\/\/www.cafur.es\/blog\/?p=394"},"modified":"2014-12-31T04:56:37","modified_gmt":"2014-12-31T04:56:37","slug":"premi-mies-van-der-rohe-2015","status":"publish","type":"post","link":"https:\/\/skills-crush.com\/cafur\/premi-mies-van-der-rohe-2015\/","title":{"rendered":"Premi Mies van der Rohe 2015, els nominats a Catalunya (I)"},"content":{"rendered":"<p>El passat 16 de Desembre, la Comissi\u00f3 Europea i la Fundaci\u00f3 Mies van der Rohe van anunciar la llista de les obres que competiran per guanyar el <a href=\"http:\/\/www.miesarch.com\/\" target=\"_blank\">Premi d\u2019Arquitectura Contempor\u00e0nia de la Uni\u00f3 Europea &#8211; Premi Mies van der Rohe 2015<\/a>. En la llista hi ha un total de 420 obres.<\/p>\n<p>Varis experts independents internacionals i les associacions de l\u2019Architects\u2019 Council of Europe, els Col\u00b7legis d\u2019Arquitectes nacionals i el Comit\u00e8 Assessor del Premi han estat els encarregats de nominar les 420 obres.<\/p>\n<p>Us presentem, en aquest post, les primeres obres seleccionades:<\/p>\n<p><strong>1)<\/strong> Espai Transmissor del T\u00famul \/ Dolmen Megal\u00edtic de Ser\u00f3, de l\u2019<strong>Estudi d\u2019Arquitectura Toni Giron\u00e8s<\/strong><\/p>\n<p><img fetchpriority=\"high\" decoding=\"async\" class=\"aligncenter  wp-image-398\" src=\"http:\/\/www.cafur.es\/blog\/wp-content\/uploads\/2014\/12\/can-sero-4377e8a160394690b8a249856327edeb-1024x682.jpg\" alt=\"premi mies van der rohe\" width=\"699\" height=\"465\" \/><br \/>\n<strong>2)<\/strong> Adequaci\u00f3 de l\u2019Espai Natural del Jaciment Rom\u00e0 de Can Tac\u00f3 a Montmel\u00f3, de l\u2019<strong>Estudi d\u2019Arquitectura Toni Giron\u00e8s<\/strong><\/p>\n<p><img decoding=\"async\" class=\"aligncenter  wp-image-401\" src=\"http:\/\/www.cafur.es\/blog\/wp-content\/uploads\/2014\/12\/can-taco-Montmelo-abre-el-parque-arqueo_54353576050_51351706917_600_226.jpg\" alt=\"can-taco-Montmelo-abre-el-parque-arqueo_54353576050_51351706917_600_226\" width=\"664\" height=\"249\" \/><br \/>\n<strong>3)<\/strong> Biblioteca P\u00fablica de Girona, de <strong>Corea Moran Arquitectura<\/strong><\/p>\n<p><img decoding=\"async\" class=\"aligncenter  wp-image-403\" src=\"http:\/\/www.cafur.es\/blog\/wp-content\/uploads\/2014\/12\/biblioteca-girona-1409865747_319612_1409865935_noticia_normal.jpg\" alt=\"biblioteca-girona-1409865747_319612_1409865935_noticia_normal\" width=\"629\" height=\"385\" \/><br \/>\n<strong>4)<\/strong> Comunitat Terap\u00e9utica Can Zariquiey a Arenys de Munt, de <strong>Mi\u00e0s Architects<\/strong><\/p>\n<p><img loading=\"lazy\" decoding=\"async\" class=\"aligncenter  wp-image-405\" src=\"http:\/\/www.cafur.es\/blog\/wp-content\/uploads\/2014\/12\/can-ziriquey-579_cat_ESCALA_800_353.jpeg\" alt=\"can-ziriquey-579_cat_ESCALA_800_353\" width=\"766\" height=\"338\" \/><br \/>\n&#8211; Nova Seu del Col\u00b7legi d\u2019Economistes de Catalunya a Barcelona, de <strong>Rold\u00e1n + Berengu\u00e9 Arquitectes<\/strong><\/p>\n<p><img loading=\"lazy\" decoding=\"async\" class=\"aligncenter size-full wp-image-407\" src=\"http:\/\/www.cafur.es\/blog\/wp-content\/uploads\/2014\/12\/seu-economistes-catalunya.jpg\" alt=\"seu-economistes-catalunya\" width=\"646\" height=\"367\" \/><br \/>\nEn pocs dies, els altres sis.<\/p>\n<p>&nbsp;<\/p>\n<p>Font de la informaci\u00f3 : <a title=\"premi mies van der rohe 2015\" href=\"http:\/\/www.arquitectes.cat\/ca\/projectes-nominats-premi-mies-van-der-rohe-2015\" target=\"_blank\">Arquitectes.cat<\/a><\/p>\n","protected":false},"excerpt":{"rendered":"<p>El passat 16 de Desembre, la Comissi\u00f3 Europea i la Fundaci\u00f3 Mies van der Rohe van anunciar la llista de les obres que competiran per guanyar el Premi d\u2019Arquitectura Contempor\u00e0nia de la Uni\u00f3 Europea &#8211; Premi Mies van der Rohe 2015. En la llista hi ha un total de 420 obres. Varis experts independents internacionals [&hellip;]<\/p>\n","protected":false},"author":1,"featured_media":413,"comment_status":"closed","ping_status":"open","sticky":false,"template":"","format":"standard","meta":{"footnotes":""},"categories":[21],"tags":[19],"class_list":["post-394","post","type-post","status-publish","format-standard","has-post-thumbnail","hentry","category-tendencies-arquitectura-interiorisme-decoracio","tag-arquitectura"],"_links":{"self":[{"href":"https:\/\/skills-crush.com\/cafur\/wp-json\/wp\/v2\/posts\/394","targetHints":{"allow":["GET"]}}],"collection":[{"href":"https:\/\/skills-crush.com\/cafur\/wp-json\/wp\/v2\/posts"}],"about":[{"href":"https:\/\/skills-crush.com\/cafur\/wp-json\/wp\/v2\/types\/post"}],"author":[{"embeddable":true,"href":"https:\/\/skills-crush.com\/cafur\/wp-json\/wp\/v2\/users\/1"}],"replies":[{"embeddable":true,"href":"https:\/\/skills-crush.com\/cafur\/wp-json\/wp\/v2\/comments?post=394"}],"version-history":[{"count":0,"href":"https:\/\/skills-crush.com\/cafur\/wp-json\/wp\/v2\/posts\/394\/revisions"}],"wp:featuredmedia":[{"embeddable":true,"href":"https:\/\/skills-crush.com\/cafur\/wp-json\/"}],"wp:attachment":[{"href":"https:\/\/skills-crush.com\/cafur\/wp-json\/wp\/v2\/media?parent=394"}],"wp:term":[{"taxonomy":"category","embeddable":true,"href":"https:\/\/skills-crush.com\/cafur\/wp-json\/wp\/v2\/categories?post=394"},{"taxonomy":"post_tag","embeddable":true,"href":"https:\/\/skills-crush.com\/cafur\/wp-json\/wp\/v2\/tags?post=394"}],"curies":[{"name":"wp","href":"https:\/\/api.w.org\/{rel}","templated":true}]}}