{"id":3874,"date":"2021-07-07T16:12:52","date_gmt":"2021-07-07T14:12:52","guid":{"rendered":"http:\/\/www.cafur.es\/blog\/?p=3874"},"modified":"2021-07-07T16:12:52","modified_gmt":"2021-07-07T14:12:52","slug":"arquitectes-de-barcelona-josep-lluis-sert","status":"publish","type":"post","link":"https:\/\/skills-crush.com\/cafur\/arquitectes-de-barcelona-josep-lluis-sert\/","title":{"rendered":"Arquitectes de Barcelona: Josep Llu\u00eds Sert"},"content":{"rendered":"<p><span style=\"font-weight: 400;\">Avui, en el quart article d&#8217;una de les seccions del nostre blog de m\u00e9s \u00e8xit, Arquitectes de Barcelona, continuem i deixant enrere el modernisme i presentem a un arquitecte m\u00e9s recent. Avui, a <\/span><span style=\"font-weight: 400;\"><strong>Arquitectes de Barcelona: Josep Llu\u00eds Sert<\/strong><\/span><\/p>\n<h2>Arquitectes de Barcelona: Josep Llu\u00eds Sert<\/h2>\n<h3>Fitxa resumida de les dades b\u00e0siques<\/h3>\n<p><span style=\"font-weight: 400;\"><strong>Naixement<\/strong>:&nbsp;<\/span> <span style=\"font-weight: 400;\">1 Juliol de 1902 a Barcelona<\/span><\/p>\n<p><span style=\"font-weight: 400;\"><strong>Mort<\/strong>:<\/span>&nbsp;15 de Mar\u00e7 de 1983<span style=\"font-weight: 400;\">&nbsp;a Barcelona<\/span><\/p>\n<p><span style=\"font-weight: 400;\"><strong>Formaci\u00f3<\/strong>:<\/span><\/p>\n<p><span style=\"font-weight: 400;\">Escola T\u00e8cnica Superior d&#8217;Arquitectura de Barcelona<\/span><\/p>\n<p><span style=\"font-weight: 400;\"><strong>Camp de treball<\/strong>:<\/span> <span style=\"font-weight: 400;\">Arquitectura, Urbanisme<\/span><\/p>\n<p><span style=\"font-weight: 400;\"><img fetchpriority=\"high\" decoding=\"async\" class=\"aligncenter size-large wp-image-3879\" src=\"http:\/\/www.cafur.es\/blog\/wp-content\/uploads\/2021\/07\/Josep-Lluis-Sert-1024x576.jpg\" alt=\"\" width=\"750\" height=\"422\"><\/p>\n<p><\/span><\/p>\n<p>&nbsp;<\/p>\n<h3>&nbsp;<\/h3>\n<h3><b>Biografia&nbsp;<\/b><\/h3>\n<p>Josep Llu\u00eds Sert va n\u00e9ixer a Barcelona. Des de molt jove es va interessar per l&#8217;obra d&#8217;Antoni Gaud\u00ed, i del seu oncle, el pintor Josep Maria Sert. Va estudiar a l&#8217;Escola Superior d&#8217;Arquitectura de Barcelona.<\/p>\n<p>Al 1926 amb motiu d&#8217;un viatge a Par\u00eds va con\u00e8ixer a Le Corbusier, doncs estava estudiant la seva arquitectura. Posteriorment es va incorporar al seu estudi i va col\u00b7laborar amb ell durant diversos anys.<\/p>\n<p>En 1930 va comen\u00e7ar a dissenyar els seus primers edificis, caracteritzats pel color blanc i la seva lluminositat. Edificis sense ornaments i elements innecessaris, eren edificis de car\u00e0cter racionalista. D&#8217;aquella \u00e8poca s\u00f3n&nbsp;l&#8217;Edifici d&#8217;Habitatges al carrer Muntaner i l&#8217;escola CEIP Els Convents de Martorell, encara que no consta com a arquitecte d&#8217;aquest edifici.<\/p>\n<p>Al finalitzar la Guerra Civil, Sert va ser represaliat pel franquisme&nbsp; i inhabilitat per a l&#8217;exercici de l&#8217;arquitectura. Al 1941 es va exiliar als Estats Units, on va crear juntament amb altres arquitectes un estudi d&#8217;arquitectura i urbanisme, que va denominar Town Planning Associates. L&#8217;estudi va realitzar diversos projectes urban\u00edstics, sobretot a Llatinoam\u00e8rica, com el pla pilot de l&#8217;Havana.<\/p>\n<p>Va ser professor d&#8217;arquitectura a la Universitat de Yale, i al 1953 fou nomenat deg\u00e0 de l&#8217;Escola de Disseny de la Universitat Harvard, c\u00e0rrec que va exercir fins a 1969. A l&#8217;entorn de la universitat, Sert va dissenyar diversos edificis que formen part de les seves obres m\u00e9s representatives i en qu\u00e8 es reflecteix l&#8217;atmosfera mediterr\u00e0nia que va conservar en els seus dissenys al llarg de la seva vida professional.<\/p>\n<p>&nbsp;<\/p>\n<h3><b>Llibres sobre Josep Llu\u00eds Sert&nbsp;<\/b><\/h3>\n<p style=\"text-align: center;\">Josep Llu\u00eds Sert: Conversaciones y escritos. Lugares de encuentro para las artes (Conversaciones Con&#8230;)<\/p>\n<p><img decoding=\"async\" class=\"aligncenter  wp-image-3883\" src=\"http:\/\/www.cafur.es\/blog\/wp-content\/uploads\/2021\/07\/libro-1-joseplluissert81oYRRG6tL-720x1024.jpg\" alt=\"\" width=\"448\" height=\"637\"><\/p>\n<p style=\"text-align: center;\"><a href=\"https:\/\/amzn.to\/3hszmit\" target=\"_blank\" rel=\"noopener\">M\u00e9s informaci\u00f3 i comprar<\/a><\/p>\n<p>&nbsp;<\/p>\n<h3>&nbsp;<\/h3>\n<h3><b>Obres destacades de Josep Llu\u00eds Sert&nbsp;<\/b><\/h3>\n<p><strong>Casa Bloc<\/strong><\/p>\n<p><span style=\"font-weight: 400;\">Pg. Torras i Bages, Barcelona<\/span><\/p>\n<p><img decoding=\"async\" class=\"aligncenter size-full wp-image-1119\" src=\"http:\/\/www.cafur.es\/blog\/wp-content\/uploads\/2015\/09\/324_Casa-Bloc_4.jpg\" alt=\"\" width=\"844\" height=\"700\"><\/p>\n<p style=\"text-align: center;\"><a href=\"http:\/\/www.cafur.es\/blog\/pis-museu-casa-bloc-habitatge-111\/\">Llegir l&#8217;article sobre la Casa Bloc al nostre blog<\/a><\/p>\n<p>&nbsp;<\/p>\n<p><strong>Pavell\u00f3 de la Rep\u00fablica<\/strong><\/p>\n<p><span style=\"font-weight: 400;\">Av. Cardenal Vidal i Barraquer&nbsp;<\/span><\/p>\n<h4><img loading=\"lazy\" decoding=\"async\" class=\"aligncenter size-full wp-image-2371\" src=\"http:\/\/www.cafur.es\/blog\/wp-content\/uploads\/2017\/06\/pavelo-de-la-republica.jpg\" alt=\"pavell\u00f3 de la rep\u00fablica\" width=\"660\" height=\"365\"><\/h4>\n<p style=\"text-align: center;\"><a href=\"http:\/\/www.cafur.es\/blog\/pavello-de-la-republica\/\">Llegir l&#8217;article al nostre blog<\/a><\/p>\n<p>&nbsp;<\/p>\n<p><strong>Fundaci\u00f3 Maeght<\/strong><\/p>\n<p><span style=\"font-weight: 400;\">Saint Paul de Vence, Fran\u00e7a<\/span><\/p>\n<p><img loading=\"lazy\" decoding=\"async\" class=\"aligncenter size-large wp-image-3877\" src=\"http:\/\/www.cafur.es\/blog\/wp-content\/uploads\/2021\/07\/Fondation-Maeght-Jose-Luis-Sert-2-1130x590-1024x535.jpg\" alt=\"\" width=\"750\" height=\"392\"><\/p>\n<p>&nbsp;<\/p>\n<p><strong>Fundaci\u00f3 Joan Mir\u00f3<\/strong><\/p>\n<p>Barcelona<\/p>\n<p><img loading=\"lazy\" decoding=\"async\" class=\"aligncenter size-large wp-image-3878\" src=\"http:\/\/www.cafur.es\/blog\/wp-content\/uploads\/2021\/07\/fundacio-miro-josep-lluis-sert-1024x668.jpg\" alt=\"\" width=\"750\" height=\"489\"><\/p>\n<p>&nbsp;<\/p>\n<p>&nbsp;<\/p>\n<p>&nbsp;<\/p>\n<h4><span style=\"font-size: 20px;\">Altres articles sobre <a href=\"http:\/\/www.cafur.es\/blog\/category\/arquitectes-de-barcelona\/\">Arquitectes de Barcelona<\/a><\/span><\/h4>\n<hr>\n<p><span style=\"font-weight: 400; font-size: 12px;\">Fonts:<\/span><\/p>\n<p><span style=\"font-size: 10px;\">https:\/\/www.revistaad.es\/diseno\/i conos\/galerias\/obra-josep-lluis-sert\/11348<\/span><\/p>\n<p><span style=\"font-size: 10px;\">http:\/\/www.xn--espaaescultura-tnb.es\/es\/art istas_creadores\/josep_lluis_sert.html<\/span><\/p>\n<p><span style=\"font-size: 10px;\">https:\/\/www.escolasert.com\/es\/blog\/se rt-el-arquitecto-tras-el-nombre<\/span><\/p>\n<p><span style=\"font-size: 10px;\">https:\/\/www.biografiasyvidas.com\/biografia\/s\/sert.htm<\/span><\/p>\n","protected":false},"excerpt":{"rendered":"<p>Avui, en el quart article d&#8217;una de les seccions del nostre blog de m\u00e9s \u00e8xit, Arquitectes de Barcelona, continuem i deixant enrere el modernisme i presentem a un arquitecte m\u00e9s recent. Avui, a Arquitectes de Barcelona: Josep Llu\u00eds Sert<\/p>\n","protected":false},"author":1,"featured_media":3887,"comment_status":"closed","ping_status":"open","sticky":false,"template":"","format":"standard","meta":{"footnotes":""},"categories":[50],"tags":[19],"class_list":["post-3874","post","type-post","status-publish","format-standard","has-post-thumbnail","hentry","category-arquitectes-de-barcelona","tag-arquitectura"],"_links":{"self":[{"href":"https:\/\/skills-crush.com\/cafur\/wp-json\/wp\/v2\/posts\/3874","targetHints":{"allow":["GET"]}}],"collection":[{"href":"https:\/\/skills-crush.com\/cafur\/wp-json\/wp\/v2\/posts"}],"about":[{"href":"https:\/\/skills-crush.com\/cafur\/wp-json\/wp\/v2\/types\/post"}],"author":[{"embeddable":true,"href":"https:\/\/skills-crush.com\/cafur\/wp-json\/wp\/v2\/users\/1"}],"replies":[{"embeddable":true,"href":"https:\/\/skills-crush.com\/cafur\/wp-json\/wp\/v2\/comments?post=3874"}],"version-history":[{"count":0,"href":"https:\/\/skills-crush.com\/cafur\/wp-json\/wp\/v2\/posts\/3874\/revisions"}],"wp:featuredmedia":[{"embeddable":true,"href":"https:\/\/skills-crush.com\/cafur\/wp-json\/"}],"wp:attachment":[{"href":"https:\/\/skills-crush.com\/cafur\/wp-json\/wp\/v2\/media?parent=3874"}],"wp:term":[{"taxonomy":"category","embeddable":true,"href":"https:\/\/skills-crush.com\/cafur\/wp-json\/wp\/v2\/categories?post=3874"},{"taxonomy":"post_tag","embeddable":true,"href":"https:\/\/skills-crush.com\/cafur\/wp-json\/wp\/v2\/tags?post=3874"}],"curies":[{"name":"wp","href":"https:\/\/api.w.org\/{rel}","templated":true}]}}