{"id":3761,"date":"2021-01-27T11:56:07","date_gmt":"2021-01-27T09:56:07","guid":{"rendered":"http:\/\/www.cafur.es\/blog\/?p=3761"},"modified":"2021-01-27T11:56:07","modified_gmt":"2021-01-27T09:56:07","slug":"arquitectes-de-barcelona-lluis-domenech-i-montaner","status":"publish","type":"post","link":"https:\/\/skills-crush.com\/cafur\/arquitectes-de-barcelona-lluis-domenech-i-montaner\/","title":{"rendered":"Arquitectes de Barcelona: Llu\u00eds Dom\u00e8nech i Montaner"},"content":{"rendered":"<p><span style=\"font-weight: 400;\">Seguim amb una de les seccions m\u00e9s noves del nostre blog<\/span><span style=\"font-weight: 400;\">, on us presentem els arquitectes m\u00e9s reconeguts des del Modernisme fins a l\u2019actualitat i que han tingut a Barcelona com la ciutat principal de les seves obres. Continuem amb un altre dels grans representants del moviment del Modernisme i amb importants obres a Barcelona i tot Catalunya. Avui us presentem <strong>Arquitectes de Barcelona: Llu\u00eds Dom\u00e8nech i Montaner<\/strong>.<\/span><\/p>\n<h2>Arquitectes de Barcelona: Lluis Dom\u00e8nech i Montaner<\/h2>\n<h3>Fitxa resumida de les dades b\u00e0siques<\/h3>\n<p><span style=\"font-weight: 400;\"><strong>Naixement<\/strong>:&nbsp;<\/span>&nbsp;30 Desembre 1849&nbsp;<span style=\"font-weight: 400;\">a Barcelona&nbsp;<\/span><\/p>\n<p><span style=\"font-weight: 400;\"><strong>Mort<\/strong>:<\/span> <span style=\"font-weight: 400;\">27 Desembre 1923 a Barcelona, als 73 anys<\/span><\/p>\n<p><span style=\"font-weight: 400;\"><strong>Formaci\u00f3<\/strong>:<\/span> <span style=\"font-weight: 400;\">Universitat de Barcelona<\/span><\/p>\n<p><span style=\"font-weight: 400;\"><strong>Camp de treball<\/strong>:<\/span> <span style=\"font-weight: 400;\">Arquitectura&nbsp;<\/span><\/p>\n<p><span style=\"font-weight: 400;\"><strong>Moviment<\/strong>:<\/span> <span style=\"font-weight: 400;\"><a href=\"https:\/\/ca.wikipedia.org\/wiki\/Modernisme_catal%C3%A0\" target=\"_blank\" rel=\"noopener\">Modernisme catal\u00e0<\/a> i modernisme<\/p>\n<p><\/span><\/p>\n<p><img fetchpriority=\"high\" decoding=\"async\" class=\"aligncenter  wp-image-3765\" src=\"http:\/\/www.cafur.es\/blog\/wp-content\/uploads\/2021\/01\/Arquitectes-de-Barcelona-Lluis-Domenech-i-Montaner1915-768x1024.jpg\" alt=\"\" width=\"572\" height=\"763\"><\/p>\n<h3>&nbsp;<\/h3>\n<h3><b>Biografia&nbsp;<\/b><\/h3>\n<p>Llu\u00eds Dom\u00e8nech i Montaner va n\u00e9ixer a Barcelona . Era el quart de set germans.&nbsp;El seu pare, Pere Dom\u00e8nech i Sal\u00f3, era enquadernador i la seva mare, Maria Montaner i Vila era filla de Canet de Mar.&nbsp;<\/p>\n<p>Va estudiar a l&#8217;Escola d&#8217;Arquitectura de Madrid per\u00f2 va tornar a Barcelona per ajudar en la feina de l&#8217;empresa familiar alhora que va comen\u00e7ar a tenir els seus primers enc\u00e0rrecs professionals i militar en pol\u00edtica.<\/p>\n<p>Es va casar el 1875 amb Maria Roura i van tenir vuit fills, tres noies i cinc nois. Un dels seus fills, Pere va estudiar arquitectura i col.labor\u00e0 amb ell en molts dels projectes professionals. Tamb\u00e9 al 1875 va comen\u00e7ar la seva tasca com a professor de&nbsp;l&#8217;Escola d&#8217;Arquitectura de Barcelona que no va deixar fins l&#8217;any 1920.<\/p>\n<p>A nivell professional va exercir amb el suport d&#8217;un equip de col\u00b7laboradors habituals format per arquitectes, artistes, artesans i industrials de reconegut prestigi.&nbsp;La seva dedicaci\u00f3 a l&#8217;arquitectura es va perllongar cinquanta anys i ho va compaginar amb la seva participaci\u00f3 en la vida social i cultural i, a el mateix temps, en pol\u00edtica.<\/p>\n<p>En els \u00faltims anys de la seva vida va delegar part de la seva tasca professional en el seu fill, Pere Dom\u00e8nech i Roura, i en el seu gendre, Francesc Gu\u00e0rdia i Vial .&nbsp;<\/p>\n<p>Tot i que ell volia ser enterrat en el pante\u00f3 familiar de Canet de Mar, les circumst\u00e0ncies pol\u00edtiques de moment ho van impedir i les seves restes s\u00f3n al Cementiri de Sant Gervasi<\/p>\n<p>&nbsp;<\/p>\n<h3><b>Llibres sobre Dom\u00e8nech i Montaner&nbsp;<\/b><\/h3>\n<p style=\"text-align: center;\"><img decoding=\"async\" class=\"aligncenter size-medium wp-image-3771\" src=\"http:\/\/www.cafur.es\/blog\/wp-content\/uploads\/2021\/01\/llibre-lluis-domenech-montaner91d88G8PsL-199x300.jpg\" alt=\"\" width=\"199\" height=\"300\"><\/p>\n<p style=\"text-align: center;\"><a href=\"https:\/\/amzn.to\/3iSrbL2\" target=\"_blank\" rel=\"noopener\">M\u00e9s informaci\u00f3 i comprar<\/a><\/p>\n<p>&nbsp;<\/p>\n<h3>&nbsp;<\/h3>\n<h3><b>Obres destacades de Dom\u00e8nech i Montaner a Barcelona<\/b><\/h3>\n<p><strong>1885 Editorial Montaner i Sim\u00f3n&nbsp;<\/strong><br \/>\n<span style=\"font-weight: 400;\">C\/ Arag\u00f3, Barcelona<br \/>\n<\/span>La seva primera obra del per\u00edode modernista.&nbsp;Actualment s&#8217;hi ubica la Fundaci\u00f3 T\u00e0pies.<\/p>\n<p><img decoding=\"async\" class=\"aligncenter  wp-image-3772\" src=\"http:\/\/www.cafur.es\/blog\/wp-content\/uploads\/2021\/01\/casa-montaner-simon-fundacio-antoni-tapies.jpg\" alt=\"\" width=\"483\" height=\"407\"><\/p>\n<p>&nbsp;<\/p>\n<p><strong>1888 Caf\u00e9-restaurant de l&#8217;Exposici\u00f3<\/strong><\/p>\n<p>(Dins de l&#8217;Exposici\u00f3 Universal de Barcelona) Parc de la Ciutadella<\/p>\n<p>Conegut com el &#8220;Castell dels tres Dragons&#8221;. Posteriorment va ser reformat pel mateix Dom\u00e8nech per allotjar el Museu de la Hist\u00f2ria. Des de 1920 acull el Museu de Zoologia.<\/p>\n<h4><img loading=\"lazy\" decoding=\"async\" class=\"aligncenter  wp-image-3774\" src=\"http:\/\/www.cafur.es\/blog\/wp-content\/uploads\/2021\/01\/zoologiamuseum-de-natura.jpg\" alt=\"\" width=\"505\" height=\"378\"><\/h4>\n<p>&nbsp;<\/p>\n<p><strong>1902 Casa Lle\u00f3 Morera <br \/>\n<\/strong>Pg. de Gr\u00e0cia, 35<\/p>\n<p>Cont\u00e9 una ornamentaci\u00f3 molt rica, obra dels artistes: Llu\u00eds Bru en els mosaics, Antoni Serra i Fiter en la cer\u00e0mica, Antoni Rigalt i Blanch en els vitralls, Gaspar Homar i Josep Pey els mobles i fusteria i Eusebi Arnau les escultures.<\/p>\n<p><img loading=\"lazy\" decoding=\"async\" class=\"aligncenter  wp-image-3776\" src=\"http:\/\/www.cafur.es\/blog\/wp-content\/uploads\/2021\/01\/casa-lleo-morera-1024x640.jpg\" alt=\"\" width=\"568\" height=\"355\"><\/p>\n<p>&nbsp;<\/p>\n<p><strong>1905-1908 Palau de la M\u00fasica Catalana<\/strong><br \/>\nC\/Sant Pere m\u00e9s Alt, 11-13<\/p>\n<p>Auditori encarregat per l&#8217;Orfe\u00f3 Catal\u00e0, \u00e9s considerat la m\u00e0xima expressi\u00f3 del modernisme catal\u00e0. Des de 1997 \u00e9s Patrimoni de la Humanitat<\/p>\n<p><img loading=\"lazy\" decoding=\"async\" class=\"aligncenter size-full wp-image-3767\" src=\"http:\/\/www.cafur.es\/blog\/wp-content\/uploads\/2021\/01\/MAINPalaudelaMusica.png\" alt=\"\" width=\"750\" height=\"350\"><\/p>\n<p>&nbsp;<\/p>\n<p><strong>1905-1930 Hospital de Sant Pau<\/strong><br \/>\nC\/Sant Antoni Maria Claret, 167<\/p>\n<p>Les obres (superf\u00edcie equivalent a 9 illes de l&#8217;Eixample) s&#8217;iniciaren el 1905. Suposen la s\u00edntesi del corrent domenequi\u00e0 del modernisme, amb una gran riquesa d&#8217;elements ornamentals de pedra, ferro i cer\u00e0mica. El fill de Dom\u00e8nech, Pere Dom\u00e8nech i Roura, fou el responsable, a partir del 1914, de la continuaci\u00f3 de les obres. Des de 1997 \u00e9s Patrimoni de la Humanitat i \u00e9s el conjunt modernista m\u00e9s gran del m\u00f3n.<\/p>\n<p><img loading=\"lazy\" decoding=\"async\" class=\"aligncenter size-full wp-image-3778\" src=\"http:\/\/www.cafur.es\/blog\/wp-content\/uploads\/2021\/01\/recinto-modernista-de-sant-pau-barcelona-570x340.jpeg\" alt=\"\" width=\"570\" height=\"340\"><\/p>\n<h4><span style=\"font-size: 20px;\">Altres articles sobre <a href=\"http:\/\/www.cafur.es\/blog\/category\/arquitectes-de-barcelona\/\">Arquitectes de Barcelona<\/a><\/span><\/h4>\n<hr>\n<p><span style=\"font-weight: 400; font-size: 12px;\">Fonts:<\/span><\/p>\n<p><span style=\"font-size: 12px;\">http:\/\/www.fldm.cat\/es\/biografia\/&nbsp;<\/span><\/p>\n<p><span style=\"font-size: 12px;\">https:\/\/ca.wikipedia.org\/wiki\/Llu%C3%ADs_Dom%C3%A8nech_i_Montaner&nbsp;<\/span><\/p>\n<p><span style=\"font-size: 12px;\">http:\/\/www.cedim.cat\/&nbsp;<\/span><\/p>\n<p><span style=\"font-size: 12px;\">https:\/\/ca.wikipedia.org\/wiki\/Palau_de_la_M%C3%BAsica_Catalana&nbsp;<\/span><\/p>\n<p><span style=\"font-size: 12px;\">http:\/\/www.artneutre.net\/2015\/04\/modernisme-catala-ruta-domenech-i.html<\/span><\/p>\n<p>&nbsp;<\/p>\n","protected":false},"excerpt":{"rendered":"<p>Continuem la nostra seccio d&#8217; arquitectes de Barcelona amb un altre dels grans representants del moviment del Modernisme i amb importants obres a Barcelona i tot Catalunya. Avui us presentem a Llu\u00eds Dom\u00e8nech i Montaner.<\/p>\n","protected":false},"author":1,"featured_media":3767,"comment_status":"closed","ping_status":"open","sticky":false,"template":"","format":"standard","meta":{"footnotes":""},"categories":[50],"tags":[19,82],"class_list":["post-3761","post","type-post","status-publish","format-standard","has-post-thumbnail","hentry","category-arquitectes-de-barcelona","tag-arquitectura","tag-modernisme"],"_links":{"self":[{"href":"https:\/\/skills-crush.com\/cafur\/wp-json\/wp\/v2\/posts\/3761","targetHints":{"allow":["GET"]}}],"collection":[{"href":"https:\/\/skills-crush.com\/cafur\/wp-json\/wp\/v2\/posts"}],"about":[{"href":"https:\/\/skills-crush.com\/cafur\/wp-json\/wp\/v2\/types\/post"}],"author":[{"embeddable":true,"href":"https:\/\/skills-crush.com\/cafur\/wp-json\/wp\/v2\/users\/1"}],"replies":[{"embeddable":true,"href":"https:\/\/skills-crush.com\/cafur\/wp-json\/wp\/v2\/comments?post=3761"}],"version-history":[{"count":0,"href":"https:\/\/skills-crush.com\/cafur\/wp-json\/wp\/v2\/posts\/3761\/revisions"}],"wp:featuredmedia":[{"embeddable":true,"href":"https:\/\/skills-crush.com\/cafur\/wp-json\/"}],"wp:attachment":[{"href":"https:\/\/skills-crush.com\/cafur\/wp-json\/wp\/v2\/media?parent=3761"}],"wp:term":[{"taxonomy":"category","embeddable":true,"href":"https:\/\/skills-crush.com\/cafur\/wp-json\/wp\/v2\/categories?post=3761"},{"taxonomy":"post_tag","embeddable":true,"href":"https:\/\/skills-crush.com\/cafur\/wp-json\/wp\/v2\/tags?post=3761"}],"curies":[{"name":"wp","href":"https:\/\/api.w.org\/{rel}","templated":true}]}}