{"id":3696,"date":"2020-11-05T12:04:08","date_gmt":"2020-11-05T10:04:08","guid":{"rendered":"http:\/\/www.cafur.es\/blog\/?p=3696"},"modified":"2020-11-05T12:04:08","modified_gmt":"2020-11-05T10:04:08","slug":"nova-seccio-arquitectes-de-barcelona-antoni-gaudi","status":"publish","type":"post","link":"https:\/\/skills-crush.com\/cafur\/nova-seccio-arquitectes-de-barcelona-antoni-gaudi\/","title":{"rendered":"Nova secci\u00f3: Arquitectes de Barcelona. Antoni Gaud\u00ed."},"content":{"rendered":"<p><span style=\"font-weight: 400;\">Estrenem una nova secci\u00f3 al nostre blog<\/span><span style=\"font-weight: 400;\">, on us presentarem els arquitectes m\u00e9s reconeguts des del Modernisme fins a l\u2019actualitat i que han tingut a Barcelona com la ciutat principal de les seves obres. I no podem comen\u00e7ar amb cap altre que no sigui Antoni Gaud\u00ed. \u00c9s el m\u00e9s conegut de tots i amb l\u2019obra m\u00e9s difosa arreu. Aix\u00ed doncs, us presentem <strong>Arquitectes de Barcelona: Antoni Gaud\u00ed<\/strong>.<\/span><\/p>\n<h2>Arquitectes de Barcelona: Antoni Gaud\u00ed<\/h2>\n<h3>Fitxa resumida de les dades b\u00e0siques<\/h3>\n<p><span style=\"font-weight: 400;\"><strong>Naixement<\/strong>:&nbsp;<\/span> <span style=\"font-weight: 400;\">25 juny 1852 Riudoms (Baix Camp)&nbsp;<\/span><\/p>\n<p><span style=\"font-weight: 400;\"><strong>Mort<\/strong>:<\/span> <span style=\"font-weight: 400;\">10 juny 1926 Barcelona&nbsp;<\/span><\/p>\n<p><span style=\"font-weight: 400;\"><strong>Formaci\u00f3<\/strong>:<\/span> <span style=\"font-weight: 400;\">Escola T\u00e8cnica Superior d&#8217;Arquitectura de Barcelona (1873\u20131878)&nbsp;<\/span><\/p>\n<p><span style=\"font-weight: 400;\"><strong>Camp de treball<\/strong>:<\/span> <span style=\"font-weight: 400;\">Arquitectura&nbsp;<\/span><\/p>\n<p><span style=\"font-weight: 400;\"><strong>Moviment<\/strong>:<\/span> <span style=\"font-weight: 400;\"><a href=\"https:\/\/ca.wikipedia.org\/wiki\/Modernisme_catal%C3%A0\" target=\"_blank\" rel=\"noopener\">Modernisme catal\u00e0<\/a> i modernisme<\/p>\n<p><\/span><\/p>\n<p><img fetchpriority=\"high\" decoding=\"async\" class=\"aligncenter wp-image-3697 size-large\" title=\"arquitectes de barcelona antoni gaud\u00ed\" src=\"http:\/\/www.cafur.es\/blog\/wp-content\/uploads\/2020\/11\/Gaudi\u0301_1878Portada-1024x576.jpg\" alt=\"arquitectes de barcelona antoni gaud\u00ed\" width=\"750\" height=\"422\"><\/p>\n<h3>&nbsp;<\/h3>\n<h3><b>Biografia&nbsp;<\/b><\/h3>\n<p><span style=\"font-weight: 400;\">Com la de Llu\u00eds Dom\u00e8nech i Montaner o Josep Puig i Cadafalch, l&#8217;obra d&#8217;Antoni Gaud\u00ed s&#8217;inscriu dins el moviment modernista catal\u00e0.&nbsp;<\/span><\/p>\n<p><span style=\"font-weight: 400;\">Nascut en una familia de calderers, es va traslladar a Barcelona per estudiar arquitectura, disciplina en la qual es va graduar en 1878. Inicialment va col\u00b7laborar en alguns despatxos de renom arquitectes de l&#8217;\u00e8poca. Despr\u00e9s ja va abordar en solitari el projecte de la Cooperativa Mataronense, un ambici\u00f3s complex de qu\u00e8 nom\u00e9s es van dur a terme la f\u00e0brica i un quiosc de serveis.<\/span><\/p>\n<p><span style=\"font-weight: 400;\">En 1883 va ser nomenat arquitecte de el temple expiatori de la Sagrada Fam\u00edlia, l&#8217;obra que va ocupar tota la seva vida i que es considera la seva principal realitzaci\u00f3 art\u00edstica. Va compaginar la seva feina al temple amb diversos enc\u00e0rrecs civils.<\/span><\/p>\n<p><span style=\"font-weight: 400;\">Un dels personatges m\u00e9s importants a la seva vida va ser el comte de G\u00fcell, amb qui va mantenir una relaci\u00f3 gaireb\u00e9 de mecenatge renaixentista. G\u00fcell li va encarregar en primer lloc alguns pavellons per a la seva finca de Pedralbes i el palau del carrer Nou de la Rambla. Despr\u00e9s es va ocupar del col\u00b7legi de les teresianes del carrer de Ganduxer i del palau episcopal d&#8217;Astorga, que no va acabar.<\/span><\/p>\n<p><span style=\"font-weight: 400;\">El 1891 va abordar la fa\u00e7ana del Naixement de la Sagrada Fam\u00edlia, que va donar la pauta per la resta del temple. Poc despr\u00e9s de 1892, els Fern\u00e1ndez i Andreu li van encarregar una casa a Lle\u00f3, coneguda com Casa dels Botines.<\/span><\/p>\n<p><span style=\"font-weight: 400;\">En endavant, els seus principals enc\u00e0rrecs van ser immobles de pisos, com la casa Calvet, la casa Batll\u00f3 i la casa Mil\u00e0, m\u00e9s coneguda com La Pedrera i culminaci\u00f3 en certa manera del geni de Gaud\u00ed per la singular concepci\u00f3 de la seva fa\u00e7ana ondulada de pedra i ferro forjat i pel conjunt de xemeneies del terrat.<\/span><\/p>\n<p>&nbsp;<\/p>\n<h3><b>Llibres sobre Gaud\u00ed&nbsp;<\/b><\/h3>\n<p style=\"text-align: center;\"><a href=\"https:\/\/amzn.to\/3jR9bQk\" target=\"_blank\" rel=\"noopener\"><img decoding=\"async\" class=\"aligncenter wp-image-3701 size-medium\" src=\"http:\/\/www.cafur.es\/blog\/wp-content\/uploads\/2020\/11\/Llibre-Gaudi-la-obra-completa-229x300.jpg\" alt=\"\" width=\"229\" height=\"300\"><\/a><a href=\"https:\/\/amzn.to\/3jR9bQk\" target=\"_blank\" rel=\"noopener\">M\u00e9s informaci\u00f3 i comprar<\/a><\/p>\n<p>&nbsp;<\/p>\n<p style=\"text-align: center;\"><img decoding=\"async\" class=\"aligncenter size-medium wp-image-3705\" src=\"http:\/\/www.cafur.es\/blog\/wp-content\/uploads\/2020\/11\/Llibre-Gaudi-2-250x300.jpg\" alt=\"\" width=\"250\" height=\"300\"><a href=\"https:\/\/amzn.to\/32eFu5M\" target=\"_blank\" rel=\"noopener\">M\u00e9s informaci\u00f3 i comprar<\/a><\/p>\n<p>&nbsp;<\/p>\n<p style=\"text-align: center;\"><img loading=\"lazy\" decoding=\"async\" class=\"aligncenter  wp-image-3707\" src=\"http:\/\/www.cafur.es\/blog\/wp-content\/uploads\/2020\/11\/Llibre-elgaudiquenoenshanexplicat-201x300.jpg\" alt=\"\" width=\"225\" height=\"336\"><a href=\"https:\/\/amzn.to\/3k1XKFj\" target=\"_blank\" rel=\"noopener\">M\u00e9s informaci\u00f3 i comprar<\/a><\/p>\n<h3>&nbsp;<\/h3>\n<h3><b>Obres destacades de Gaud\u00ed a Barcelona<\/b><\/h3>\n<h4><strong>1883- 1888 Casa Vicens <\/strong><br \/>\n<span style=\"font-weight: 400;\">C\/ Carolines, 24 <br \/>\n<\/span> <span style=\"font-weight: 400;\">Casa unifamiliar feta per Manuel Vicens i Montaner.<\/span>&nbsp;<\/h4>\n<p>&nbsp;<\/p>\n<h4><strong>1884- 1887 Finca G\u00fcell <\/strong><br \/>\n<span style=\"font-weight: 400;\">Av. Pedralbes, 15 (Pavellons) \/&nbsp;<\/span><span style=\"font-weight: 400;\">Av. Joan XXIII, 27-31 (porta est) \/&nbsp;<\/span><span style=\"font-weight: 400;\">C\/ Mart\u00ed i Franqu\u00e8s, 2-12 (porta sud) \/&nbsp;<\/span><span style=\"font-weight: 400;\">Av. Diagonal, 686 (font i umbracle, als jardins del palau de Pedralbes)<\/span><\/h4>\n<p><span style=\"font-weight: 400;\">Eusebi G\u00fcell encarreg\u00e0 a Gaud\u00ed la realitzaci\u00f3 de diverses obres a la finca que tenia entre les Corts i Sarri\u00e0. Les obres consistiren en la tanca amb tres portes (la dels pavellons G\u00fcell i les situades avui a la Facultat de Farm\u00e0cia i a la de Biologia de la UB), la porteria i les cavallerisses (pavellons), un mirador, una font (Font d&#8217;H\u00e8rcules) i un umbracle (als jardins del palau de Pedralbes) i la capella de la casa resid\u00e8ncia (desapareguda).<\/span><\/p>\n<h4>\n<strong>1884-1926 Sagrada Fam\u00edlia<\/strong> <br \/>\n<span style=\"font-weight: 400;\">Pl. Sagrada Fam\u00edlia<\/span><\/h4>\n<p><span style=\"font-weight: 400;\">La Sagrada Fam\u00edlia \u00e9s una esgl\u00e9sia ubicada al districte de l&#8217;Eixample de Barcelona. \u00c9s un dels m\u00e9s coneguts exemples del modernisme catal\u00e0 i est\u00e0 catalogada com a Patrimoni de la Humanitat.<\/span><\/p>\n<p>&nbsp;<\/p>\n<h4><strong>1885- 1889 Palau G\u00fcell <br \/>\n<\/strong><span style=\"font-weight: 400;\">C\/ Nou de la Rambla<\/span><\/h4>\n<p><span style=\"font-weight: 400;\">Casa unifamiliar encarregada per Eusebi G\u00fcell, mecenes de Gaud\u00ed.<\/span><\/p>\n<p>&nbsp;<\/p>\n<h4><strong>1888 &#8211; 1890 Col\u00b7legi de les Teresianes<\/strong> <br \/>\n<span style=\"font-weight: 400;\">C\/ Ganduxer, 85<\/span><\/h4>\n<p><span style=\"font-weight: 400;\">Gaud\u00ed rep l&#8217;enc\u00e0rrec del pare Oss\u00f3, fundador de la companyia de Santa Teresa, de finalitzar un projecte ja iniciat. Es desconeix l&#8217;autor del projecte original.<\/span><\/p>\n<p>&nbsp;<\/p>\n<h4><strong>1900 Casa Calvet<br \/>\n<\/strong> <span style=\"font-weight: 400;\">C\/ Casp, 48<\/span><\/h4>\n<p><span style=\"font-weight: 400;\">Edifici realitzat per un fabricant t\u00e8xtil, i va servir tant per al negoci, al qual es van destinar la planta baixa i el soterrani, com per a habitatges, situats a les plantes superiors.<\/span>&nbsp;<\/p>\n<p>&nbsp;<\/p>\n<h4><strong>1900-1910 Parc G\u00fcell <br \/>\n<\/strong><span style=\"font-weight: 400;\">C\/ Olot, s\/n<\/span><\/h4>\n<p><span style=\"font-weight: 400;\">Parc p\u00fablic amb les construccions comunit\u00e0ries d&#8217;un projecte d&#8217;urbanitzaci\u00f3 de luxe frustrat per la Primera Guerra mundial.<\/span> <span style=\"font-weight: 400;\">Correcte<\/span> <span style=\"font-weight: 400;\">Parc G\u00fcell<\/span><\/p>\n<p>&nbsp;<\/p>\n<h4><strong>1905-1907 Casa Batll\u00f3<br \/>\n<\/strong>Pg. de Gr\u00e0cia, 43<\/h4>\n<p><span style=\"font-weight: 400;\">Remodelaci\u00f3 integral d&#8217;un edifici del 1877, encarregada per l&#8217;industrial t\u00e8xtil Josep Batll\u00f3.<\/span> <span style=\"font-weight: 400;\">Correcte<\/span> <span style=\"font-weight: 400;\">Casa Batll\u00f3<\/span><\/p>\n<p>&nbsp;<\/p>\n<h4><strong>1906-1910 Casa Mil\u00e0<\/strong> <br \/>\n<span style=\"font-weight: 400;\">Pg. de Gr\u00e0cia<\/span><\/h4>\n<p><span style=\"font-weight: 400;\">Coneguda popularment com \u00abla Pedrera\u00bb, era una casa d&#8217;habitatges feta per al comerciant Pere Mil\u00e0. Inspirada en el paisatge de la Capad\u00f2cia, actualment est\u00e0 catalogada com a Patrimoni de la Humanitat<\/span><\/p>\n<p>&nbsp;<\/p>\n<p>&nbsp;<\/p>\n<hr>\n<p><span style=\"font-weight: 400;\">Fonts:<\/span><\/p>\n<p><span style=\"font-size: 12px;\"><a href=\"https:\/\/www.lapedrera.com\/ca\/arquitecte-antoni-gaudi\/figura\"><span style=\"font-weight: 400;\">https:\/\/www.lapedrera.com\/ca\/arq uitecte-antoni-gaudi\/figura<\/span><\/a><\/span><\/p>\n<p><span style=\"font-size: 12px;\"><a href=\"https:\/\/www.biografiasyvidas.com\/biografia\/g\/gaudi.htm\"><span style=\"font-weight: 400;\">https:\/\/www.biografiasyvidas.com\/biografia\/g\/gaudi.htm<\/span><\/a><\/span><\/p>\n<p><span style=\"font-size: 12px;\"><span style=\"font-weight: 400;\">Ruiza, M., Fern\u00e1ndez, T. y Tamaro, E. (2004). <\/span><span style=\"font-weight: 400;\">Biografia de Antoni Gaud\u00ed<\/span><span style=\"font-weight: 400;\">. En <\/span><i><span style=\"font-weight: 400;\">Biograf\u00edas y Vidas. La enciclopedia biogr\u00e1fica en l\u00ednea<\/span><\/i><span style=\"font-weight: 400;\">. Barcelona (Espa\u00f1a). Recuperado de <\/span><a href=\"https:\/\/www.biografiasyvidas.com\/biografia\/g\/gaudi.htm\"><span style=\"font-weight: 400;\">https:\/\/www.biografiasyvidas.com\/biografia\/g\/gaudi.htm<\/span><\/a><span style=\"font-weight: 400;\"> el 4 de noviembre de 2020.<\/span><\/span><\/p>\n<p><span style=\"font-size: 12px;\"><a href=\"https:\/\/ca.wikipedia.org\/wiki\/Antoni_Gaud%C3%AD_i_Cornet\"><span style=\"font-weight: 400;\">https:\/\/ca.wikipedia.org\/wiki\/Antoni_Gaud%C3%AD_i_Cornet<\/span><\/a><\/span><\/p>\n<p><span style=\"font-size: 12px;\"><a href=\"http:\/\/www.casabatllo.es\/ca\/antoni-gaudi\/\"><span style=\"font-weight: 400;\">http:\/\/www.casabatllo.es\/ca\/antoni-gaudi\/<\/span><\/a><\/span><\/p>\n<p><span style=\"font-size: 12px;\"><a href=\"http:\/\/www20.gencat.cat\/portal\/site\/Patrimoni\/menuitem.6a2dec9a300f68a8cd0181dfb0c0e1a0\/?vgnextoid=087af4a3876b0110VgnVCM1000000b0c1e0aRCRD&amp;vgnextchannel=087af4a3876b0110VgnVCM1000000b0c1e0aRCRD&amp;vgnextfmt=default\"><span style=\"font-weight: 400;\">http:\/\/www20.gencat.cat\/portal\/site\/Patrimoni\/menuitem.6a2dec9a300f68a8cd0181dfb0c0e1a0\/?vgnextoid=087af4a3876b0110VgnVCM1000000b0c1e0aRCRD&amp;vgnextchannel=087af4a3876b0110VgnVCM1000000b0c1e0aRCRD&amp;vgnextfmt=default<\/span><\/a><\/span><\/p>\n<p>Foto de&nbsp;<a href=\"https:\/\/unsplash.com\/es\/@raimondklavins?utm_content=creditCopyText&amp;utm_medium=referral&amp;utm_source=unsplash\">Raimond Klavins<\/a>&nbsp;en&nbsp;<a href=\"https:\/\/unsplash.com\/es\/fotos\/decoracion-de-pared-de-piedra-gris-y-marron-5fAUbgVeAkU?utm_content=creditCopyText&amp;utm_medium=referral&amp;utm_source=unsplash\">Unsplash<\/a><\/p>\n","protected":false},"excerpt":{"rendered":"<p>Estrenem una nova secci\u00f3 al nostres blog, on us presentarem els arquitectes m\u00e9s reconeguts des del Modernisme fins a l\u2019actualitat i que han tingut a Barcelona com la ciutat principal de les seves obres. I no podem comen\u00e7ar amb cap altre que no sigui Antoni Gaud\u00ed. \u00c9s el m\u00e9s conegut de tots i amb l\u2019obra m\u00e9s difosa arreu. Aix\u00ed doncs, us presentem Arquitectes de Barcelona: Antoni Gaud\u00ed.<\/p>\n","protected":false},"author":1,"featured_media":4511,"comment_status":"closed","ping_status":"open","sticky":false,"template":"","format":"standard","meta":{"footnotes":""},"categories":[50],"tags":[19,82],"class_list":["post-3696","post","type-post","status-publish","format-standard","has-post-thumbnail","hentry","category-arquitectes-de-barcelona","tag-arquitectura","tag-modernisme"],"_links":{"self":[{"href":"https:\/\/skills-crush.com\/cafur\/wp-json\/wp\/v2\/posts\/3696","targetHints":{"allow":["GET"]}}],"collection":[{"href":"https:\/\/skills-crush.com\/cafur\/wp-json\/wp\/v2\/posts"}],"about":[{"href":"https:\/\/skills-crush.com\/cafur\/wp-json\/wp\/v2\/types\/post"}],"author":[{"embeddable":true,"href":"https:\/\/skills-crush.com\/cafur\/wp-json\/wp\/v2\/users\/1"}],"replies":[{"embeddable":true,"href":"https:\/\/skills-crush.com\/cafur\/wp-json\/wp\/v2\/comments?post=3696"}],"version-history":[{"count":0,"href":"https:\/\/skills-crush.com\/cafur\/wp-json\/wp\/v2\/posts\/3696\/revisions"}],"wp:featuredmedia":[{"embeddable":true,"href":"https:\/\/skills-crush.com\/cafur\/wp-json\/"}],"wp:attachment":[{"href":"https:\/\/skills-crush.com\/cafur\/wp-json\/wp\/v2\/media?parent=3696"}],"wp:term":[{"taxonomy":"category","embeddable":true,"href":"https:\/\/skills-crush.com\/cafur\/wp-json\/wp\/v2\/categories?post=3696"},{"taxonomy":"post_tag","embeddable":true,"href":"https:\/\/skills-crush.com\/cafur\/wp-json\/wp\/v2\/tags?post=3696"}],"curies":[{"name":"wp","href":"https:\/\/api.w.org\/{rel}","templated":true}]}}