{"id":2428,"date":"2017-07-25T10:25:03","date_gmt":"2017-07-25T08:25:03","guid":{"rendered":"http:\/\/www.cafur.es\/blog\/?p=2428"},"modified":"2017-07-25T10:25:03","modified_gmt":"2017-07-25T08:25:03","slug":"habitatges-la-casa-del-pati","status":"publish","type":"post","link":"https:\/\/skills-crush.com\/cafur\/habitatges-la-casa-del-pati\/","title":{"rendered":"Edificis amb hist\u00f2ria: Habitatges La casa del Pati"},"content":{"rendered":"<p><strong>MBM&nbsp; \u2013 Habitatges La casa del Pati, 1962<\/strong><\/p>\n<p>&nbsp;<\/p>\n<p><em>\u201cEl modernismo fue un movimiento muy ligado al Art Noveau y la Secezion contempor\u00e1neos, del mismo modo que una cierta plenitud del GATCPAC estuvo ligada a la cultura europea de los a\u00f1os 30 y, del mismo modo que en Madrid se iniciaba un retorno a una arquitectura v\u00e1lida a trav\u00e9s del Manifiesto de la Alhambra, en Barcelona se pensaba en recoger la tradici\u00f3n bauhasiana, nada castiza, pero mucho m\u00e1s culta.\u201d<\/em><\/p>\n<p>Una posible &#8216;Escuela de Barcelona&#8217;, Revista Arquitectura n\u00ba 121 1969, Oriol Bohigas<\/p>\n<p>&nbsp;<\/p>\n<p>Els inicis de l\u2019estudi d\u2019arquitectura MBM, inicialment format per Josep Martorell i Oriol Bohigas i posteriorment junt amb David Mackay, comen\u00e7a a principis dels anys 50 lligats a les pol\u00e8miques activitats pro-modernes del Grup R, una agrupaci\u00f3 d\u2019arquitectes catalans que pretenia promoure l\u2019arquitectura del moviment modern dins el desert est\u00e8tic del primer per\u00edode franquista que havia censurat tota l\u2019arquitectura innovadora constru\u00efda durant la Rep\u00fablica. &nbsp;<\/p>\n<p>Aquest grup tamb\u00e9 estava influ\u00eft pel nacionalisme catal\u00e0, que havia tingut la seva manifestaci\u00f3 en arquitectura en el Modernisme, a finals del segle XIX i principis del XX. Hi ha dos factors a destacar que vinculen el Grup R al modernisme arquitect\u00f2nic: &nbsp;&nbsp;la voluntat d\u2019incorporar les noves tecnologies on fos adient i econ\u00f2mic fer-ho i al mateix temps, promoure la construcci\u00f3 artesanal que encara sobrevivia a Catalunya. Aquesta combinaci\u00f3, junt amb una afinitat ideol\u00f2gica al GATCPAC, grup racionalista catal\u00e0 de pre-guerra, es reflecteixen ja en les primeres obres de l\u2019estudi d\u2019Oriol Bohigas i Josep Martorell.<\/p>\n<p>Una de les primeres obres d\u2019aquest prol\u00edfic estudi \u00e9s el bloc d\u2019habitatges plurifamiliar \u201c la Casa del Pati\u201d, a la Ronda del Guinard\u00f3 de Barcelona. Si b\u00e9 no \u00e9s un dels projectes m\u00e9s coneguts de l\u2019estudi, reuneix les condicions per entendre aquesta primera \u00e8poca dels arquitectes i la posterior transici\u00f3 cap a una actitud \u201cregionalista cr\u00edtica\u201d que va desembocar en el moviment arquitect\u00f2nic que s\u2019anomenaria Escola de Barcelona.<\/p>\n<p><img fetchpriority=\"high\" decoding=\"async\" class=\"aligncenter size-large wp-image-2430\" src=\"http:\/\/www.cafur.es\/blog\/wp-content\/uploads\/2017\/07\/01-habitatges-pati-1024x683.jpg\" alt=\"\" width=\"750\" height=\"500\"><\/p>\n<p>El projecte agrupa una s\u00e8rie d\u2019habitatges de poca superf\u00edcie al voltant d\u2019un pati al que se li atorga un car\u00e0cter de centralitat, ent\u00e8s com a espai de conviv\u00e8ncia per una comunitat formada per ve\u00efns agrupats en cooperativa. Aquest espai central del projecte t\u00e9 una mescla de car\u00e0cters, entre la pla\u00e7a urbana i l\u2019atri mediterrani.<\/p>\n<p>\u00c9s ent\u00e8s com a espai urb\u00e0 per la seva compartimentaci\u00f3 en diferents patis fraccionats, que formen entre ells un espai fluid per la desaparici\u00f3 dels seus l\u00edmits, com si es tract\u00e9s d\u2019un carrer.&nbsp; Al mateix temps, en el pati m\u00e9s espai\u00f3s, s\u2019hi ha col\u00b7locat una petita font que recorda els elements tradicionals dels pobles, i centra una possible vida en comunitat, sent l\u2019espai pel joc dels nens, de les reunions de propietaris, de revetlles i d\u2019altres celebracions&#8230;<\/p>\n<p>&nbsp;<\/p>\n<p><img decoding=\"async\" class=\"aligncenter size-full wp-image-2434\" src=\"http:\/\/www.cafur.es\/blog\/wp-content\/uploads\/2017\/07\/04-habitatges-pati.jpg\" alt=\"\" width=\"750\" height=\"500\"><\/p>\n<p>&nbsp;<\/p>\n<p>L\u2019edifici es plega sobre si mateix establint un domini microurb\u00e0 en el seu interior, en una reinterpretaci\u00f3 de la tipologia tradicional de l\u2019atri catal\u00e0, caracter\u00edstica que s\u2019ha repetit en gran part de l\u2019obra residencial urbana que els arquitectes han constru\u00eft des de llavors. La tipologia de bloc perimetral concebut per omplir un buit urb\u00e0 t\u00e9 vinculacions culturals amb el pati \u2013 font de la tradici\u00f3 mud\u00e8jar, per\u00f2 el que destaca de la intervenci\u00f3 \u00e9s la descomposici\u00f3 conscient de la forma tradicional per la posterior recomposici\u00f3 dels elements en termes identificables del moviment modern. &nbsp;Ja des del primer moment, el Grup R i MBM van ser conscients que no podien recollir el relleu de la avantguarda anterior a la guerra, que no podien limitar-se a comen\u00e7ar on s\u2019havien quedat&nbsp; J. LL. Sert i Bonet Castellana, sin\u00f3 que s\u2019havien de reformular els principis del moviment modern en termes del moment.<\/p>\n<p>Aix\u00ed doncs, aquest edifici del Guinard\u00f3 suposa una obra de refer\u00e8ncia d\u2019un moment de transici\u00f3, despr\u00e9s de la dissoluci\u00f3 del Grup R l\u2019any 1961 cap a una nou paradigma de l\u2019arquitectura catalana on, tal i com va enumerar l\u2019arquitecte Oriol Bohigas en l\u2019article \u201cUna posible escuela de Barcelona\u201d es pretenia una arquitectura que s\u2019adeq\u00fc\u00e9s volunt\u00e0ria i conscientment a les realitats modestes del moment, que segu\u00eds firmament la tradici\u00f3 racionalista m\u00e9s exigent, que trenqu\u00e9s al m\u00e0xim els codis establerts i que tingu\u00e9s un cert gust per les actituds cr\u00edtiques, ir\u00f2niques, insegures, ambig\u00fces, i fins i tot, francament c\u00edniques.<\/p>\n<p>&nbsp;<\/p>\n<p><img decoding=\"async\" class=\"aligncenter wp-image-2432\" src=\"http:\/\/www.cafur.es\/blog\/wp-content\/uploads\/2017\/07\/03-habitatges-pati.jpg\" alt=\"\" width=\"750\" height=\"500\"><\/p>\n<p>&nbsp;<\/p>\n<p>Fotografies: Juan Miguel Pla Jorrin.<\/p>\n<p>&nbsp;<\/p>\n<p>&nbsp;<\/p>\n<div><em>Text: &nbsp;<b>Albert Rubio Esplugas &nbsp; &nbsp;&nbsp;<\/b>Arquitecte &#8211; Director de programaci\u00f3<\/em><\/div>\n<div>&nbsp;<\/div>\n<div>&nbsp;<\/div>\n<p><img loading=\"lazy\" decoding=\"async\" class=\"aligncenter size-large wp-image-2328\" src=\"http:\/\/www.cafur.es\/blog\/wp-content\/uploads\/2017\/05\/TW-1500x500-21-22-1024x341.jpg\" alt=\"\" width=\"750\" height=\"250\"><\/p>\n<p>Com visitar l\u2019edifici:<\/p>\n<p>Consulteu el web del 48h Open House BCN &#8211; &nbsp;<a href=\"http:\/\/www.48hopenhousebarcelona.org\/\">http:\/\/www.48hopenhousebarcelona.org\/<\/a><\/p>\n","protected":false},"excerpt":{"rendered":"<p>MBM&nbsp; \u2013 Habitatges La casa del Pati, 1962 &nbsp; \u201cEl modernismo fue un movimiento muy ligado al Art Noveau y la Secezion contempor\u00e1neos, del mismo modo que una cierta plenitud del GATCPAC estuvo ligada a la cultura europea de los a\u00f1os 30 y, del mismo modo que en Madrid se iniciaba un retorno a una [&hellip;]<\/p>\n","protected":false},"author":1,"featured_media":2436,"comment_status":"closed","ping_status":"open","sticky":false,"template":"","format":"standard","meta":{"footnotes":""},"categories":[61],"tags":[75,19],"class_list":["post-2428","post","type-post","status-publish","format-standard","has-post-thumbnail","hentry","category-edifici-del-mes","tag-48h-openhousebcn","tag-arquitectura"],"_links":{"self":[{"href":"https:\/\/skills-crush.com\/cafur\/wp-json\/wp\/v2\/posts\/2428","targetHints":{"allow":["GET"]}}],"collection":[{"href":"https:\/\/skills-crush.com\/cafur\/wp-json\/wp\/v2\/posts"}],"about":[{"href":"https:\/\/skills-crush.com\/cafur\/wp-json\/wp\/v2\/types\/post"}],"author":[{"embeddable":true,"href":"https:\/\/skills-crush.com\/cafur\/wp-json\/wp\/v2\/users\/1"}],"replies":[{"embeddable":true,"href":"https:\/\/skills-crush.com\/cafur\/wp-json\/wp\/v2\/comments?post=2428"}],"version-history":[{"count":0,"href":"https:\/\/skills-crush.com\/cafur\/wp-json\/wp\/v2\/posts\/2428\/revisions"}],"wp:featuredmedia":[{"embeddable":true,"href":"https:\/\/skills-crush.com\/cafur\/wp-json\/"}],"wp:attachment":[{"href":"https:\/\/skills-crush.com\/cafur\/wp-json\/wp\/v2\/media?parent=2428"}],"wp:term":[{"taxonomy":"category","embeddable":true,"href":"https:\/\/skills-crush.com\/cafur\/wp-json\/wp\/v2\/categories?post=2428"},{"taxonomy":"post_tag","embeddable":true,"href":"https:\/\/skills-crush.com\/cafur\/wp-json\/wp\/v2\/tags?post=2428"}],"curies":[{"name":"wp","href":"https:\/\/api.w.org\/{rel}","templated":true}]}}