{"id":1689,"date":"2016-07-07T11:55:51","date_gmt":"2016-07-07T09:55:51","guid":{"rendered":"http:\/\/www.cafur.es\/blog\/?p=1689"},"modified":"2016-07-07T11:55:51","modified_gmt":"2016-07-07T09:55:51","slug":"trucs-per-rebaixar-la-factura-la-llum-l-estiu","status":"publish","type":"post","link":"https:\/\/skills-crush.com\/cafur\/trucs-per-rebaixar-la-factura-la-llum-l-estiu\/","title":{"rendered":"Trucs per rebaixar la factura de la llum a l&#8217; estiu"},"content":{"rendered":"<p>Potser aquest estiu de 2016 ens lliurarem d&#8217; una onada de calor. O potser la sofrirem. En qualsevol cas, el calor dispara el consum energ\u00e8tic i les factures pugen.<\/p>\n<p><strong>Per tant, rebaixar la factura de la llum a l&#8217; estiu \u00e9s un objectiu i es pot aconseguir.\u00a0<\/strong><strong>\u00bf Qu\u00e8 es pot fer?\u00a0<\/strong><\/p>\n<p><strong><em>1. La tarifa, permet estalviar?<\/em><\/strong><\/p>\n<p>Ni totes les tarifes s\u00f3n iguals, ni totes et permeten estalviar el mateix a final de mes. Per aix\u00f2, el primer punt que has de revisar \u00e9s si la teva tarifa llum \u00e9s de les millors del mercat.<\/p>\n<p>Ara b\u00e9, saps qu\u00e8 la fa una bona oferta?<br \/>\n&#8211; Que eviti la contractaci\u00f3 d&#8217;altres serveis,<br \/>\n&#8211; Que exclogui el comprom\u00eds de perman\u00e8ncia<br \/>\n&#8211; Que els preus que t&#8217; apliquin siguin baixos i<br \/>\n&#8211; Que s&#8217;ajusti al nostre consum.<\/p>\n<p>Per exemple, aprofitant el bon temps i les hores de llum extra d&#8217;aquests mesos, les tarifes de llum amb discriminaci\u00f3 hor\u00e0ria s\u00f3n interessants.<\/p>\n<p><em><strong>2. Optimitzar la\u00a0teva casa de cara a l&#8217; estiu<\/strong><\/em><\/p>\n<p>Un mal a\u00efllament o l&#8217;orientaci\u00f3 de l&#8217;habitatge s\u00f3n alguns dels factors que juguen en contra teva i als que pots posar soluci\u00f3.<\/p>\n<p>No cal fer reformes de dalt a baix, tan sols amb pintar les habitacions de colors clars notar\u00e0s millora. Utilitzar racionalment les persianes i les cortines ajuden a\u00a0baixar uns graus la temperatura, sobretot quan el sol d\u00f3na directe a la casa durant part del dia.<\/p>\n<p><em><strong>3. Il\u00b7luminaci\u00f3 intel\u00b7ligent<\/strong><\/em><\/p>\n<p>Amb el bon temps els dies s&#8217;allarguen i la llum natural pot banyar la teva casa evitant que consumeixis energia extra.<\/p>\n<p>Pero si la casa \u00e9s interior o necessites m\u00e9s llum, aposta per bombetes LED: obtindr\u00e0s una millor il\u00b7luminaci\u00f3 i reduir\u00e0s uns graus la temperatura, ja que aquest tipus de bombetes emeten menys calor que les incandescents o hal\u00f2genes.<\/p>\n<p><em><strong>4. Electrodom\u00e8stics.<\/strong><\/em><\/p>\n<p>Per exemple, si est\u00e0s pensant a instal\u00b7lar un aparell d&#8217;aire condicionat, recorda que un ventilador fa la mateixa funci\u00f3 i consumeix molt menys.<\/p>\n<p><img fetchpriority=\"high\" decoding=\"async\" class=\"aligncenter size-large wp-image-1693\" src=\"http:\/\/www.cafur.es\/blog\/wp-content\/uploads\/2016\/07\/CIMG0066-1024x768.jpg\" alt=\"rebaixar la factura de la llum\" width=\"750\" height=\"563\" \/><\/p>\n<p>Si ja tens un aparell, has de saber com usar-lo de forma eficient. La temperatura recomanada \u00e9s entre 24\u00ba i 25\u00ba. I baixar graus te repercussi\u00f3 a la teva factura, que s&#8217;incrementa amb cada grau que disminueixes.<\/p>\n<p><em><strong>5. Neteja i ordre<\/strong><\/em><\/p>\n<p>Si ets ordenat i net casa teva t&#8217;ho agrair\u00e0 consumint menys energia.<\/p>\n<p>Net: \u00e9s vital que netegis els filtres de l&#8217;aire condicionat abans d&#8217;usar-lo a l&#8217; estiu.<\/p>\n<p>Ordenat: els corrents d&#8217;aire fluiran millor.<\/p>\n<p>&nbsp;<\/p>\n<p>&nbsp;<\/p>\n<p>&nbsp;<\/p>\n<h6>Font:<\/h6>\n<h6>Comparador d&#8217;energia HelpMyCash.com<\/h6>\n<h6>http:\/\/www.fotocasa.es\/blog\/energia\/5-trucos-rebajar-las-facturas-luz-verano<\/h6>\n","protected":false},"excerpt":{"rendered":"<p>Potser aquest estiu de 2016 ens lliurarem d&#8217; una onada de calor. O potser la sofrirem. En qualsevol cas, el calor dispara el consum energ\u00e8tic i les factures pugen. Per tant, rebaixar la factura de la llum a l&#8217; estiu \u00e9s un objectiu i es pot aconseguir.\u00a0\u00bf Qu\u00e8 es pot fer?\u00a0 1. La tarifa, permet [&hellip;]<\/p>\n","protected":false},"author":1,"featured_media":1695,"comment_status":"closed","ping_status":"open","sticky":false,"template":"","format":"standard","meta":{"footnotes":""},"categories":[21],"tags":[60,42,53],"class_list":["post-1689","post","type-post","status-publish","format-standard","has-post-thumbnail","hentry","category-tendencies-arquitectura-interiorisme-decoracio","tag-consells","tag-guies","tag-llum"],"_links":{"self":[{"href":"https:\/\/skills-crush.com\/cafur\/wp-json\/wp\/v2\/posts\/1689","targetHints":{"allow":["GET"]}}],"collection":[{"href":"https:\/\/skills-crush.com\/cafur\/wp-json\/wp\/v2\/posts"}],"about":[{"href":"https:\/\/skills-crush.com\/cafur\/wp-json\/wp\/v2\/types\/post"}],"author":[{"embeddable":true,"href":"https:\/\/skills-crush.com\/cafur\/wp-json\/wp\/v2\/users\/1"}],"replies":[{"embeddable":true,"href":"https:\/\/skills-crush.com\/cafur\/wp-json\/wp\/v2\/comments?post=1689"}],"version-history":[{"count":0,"href":"https:\/\/skills-crush.com\/cafur\/wp-json\/wp\/v2\/posts\/1689\/revisions"}],"wp:featuredmedia":[{"embeddable":true,"href":"https:\/\/skills-crush.com\/cafur\/wp-json\/"}],"wp:attachment":[{"href":"https:\/\/skills-crush.com\/cafur\/wp-json\/wp\/v2\/media?parent=1689"}],"wp:term":[{"taxonomy":"category","embeddable":true,"href":"https:\/\/skills-crush.com\/cafur\/wp-json\/wp\/v2\/categories?post=1689"},{"taxonomy":"post_tag","embeddable":true,"href":"https:\/\/skills-crush.com\/cafur\/wp-json\/wp\/v2\/tags?post=1689"}],"curies":[{"name":"wp","href":"https:\/\/api.w.org\/{rel}","templated":true}]}}