{"id":1584,"date":"2016-05-09T13:51:22","date_gmt":"2016-05-09T11:51:22","guid":{"rendered":"http:\/\/www.cafur.es\/blog\/?p=1584"},"modified":"2016-05-09T13:51:22","modified_gmt":"2016-05-09T11:51:22","slug":"edificis-amb-historia-illa-philips-1998-2016","status":"publish","type":"post","link":"https:\/\/skills-crush.com\/cafur\/edificis-amb-historia-illa-philips-1998-2016\/","title":{"rendered":"Edificis amb hist\u00f2ria: Illa Philips (1998-2016)"},"content":{"rendered":"<h2><strong>ILLA PHILIPS (1998-2016)<\/strong><\/h2>\n<p><strong style=\"line-height: 1.5;\">Carrer de JANE ADDAMS &#8211; C. AMNISTIA INTERNACIONAL \u2013 PG. ZONA FRANCA \u2013 C. DE LA FONERIA<\/strong><\/p>\n<p><strong>\u00a0<\/strong><strong>L\u2019any 1919 l\u2019empresa holandesa Philips i la catalana \u201cL\u00e1mparas Z\u201d firmaven un conveni que va permetre a aquesta \u00faltima modernitzar-se i prosperar fins al punt de veure\u2019s amb la necessitat d\u2019ampliar les seves instal\u00b7lacions i instal\u00b7lar-se en uns terrenys de la Zona Franca. El 1998 Philips va absorbir definitivament \u201cL\u00e1mparas Z\u201d i el 2004 es va traslladar a uns altres terrenys de la mateixa zona tot deixant una illa sencera en des\u00fas. Aquesta illa, per\u00f2, r\u00e0pidament ha adoptat noves funcions adequades als temps actuals.<\/strong><\/p>\n<p>Avui, a l\u2019antic edifici del Taller de Vidre hi trobem un Centre d\u2019Atenci\u00f3 Prim\u00e0ria i la Biblioteca Francesc Candel. El projecte de la biblioteca (Josep Lluis Canosa, 2006) aprofita les singulars lluernes, en forma de quart de circumfer\u00e8ncia, i les grans obertures existents de les fa\u00e7anes per introduir llum natural a l\u2019interior de l\u2019edifici. Al mateix temps, potencia l\u2019expressivitat formal de la coberta met\u00e0l\u00b7lica, pintada de blanc per donar-li lluminositat; i combina els espais di\u00e0fans i les grans al\u00e7ades interiors, pr\u00f2pies de l\u2019origen industrial de l\u2019edifici, amb un nou entramat de l\u00e0mpades Z, que pengen de l\u2019estructura, per crear un espai agradable per a la lectura.<\/p>\n<p><img fetchpriority=\"high\" decoding=\"async\" class=\"aligncenter size-full wp-image-1588\" src=\"http:\/\/www.cafur.es\/blog\/wp-content\/uploads\/2016\/05\/biblioteca-candel-illa-philips.jpg\" alt=\"illa-philips\" width=\"848\" height=\"460\" \/><\/p>\n<p>L\u2019antic edifici del forn, que va deixar de funcionar l\u2019any 1991, s\u2019ha transformat en una f\u00e0brica de creaci\u00f3 dedicada a la dansa (anomenada El Graner per la seva semblan\u00e7a als graners nord-americans). Les arquitectes a c\u00e0rrec de la rehabilitaci\u00f3 (Maite Hernando i Sara Galm\u00e1n, 2006) expliquen que tot i que l\u2019estat de conservaci\u00f3 de l\u2019edifici era deficient no tenia patologies greus, fet que els va permetre mantenir-ne l\u2019aspecte d\u2019edifici xemeneia que el caracteritzava. Aix\u00ed, a l\u2019exterior, \u00fanicament s\u2019ha restaurat la xapa met\u00e0l\u00b7lica existent que folrava l\u2019edifici (model de greca que ja no es troba al mercat) i s\u2019ha creat un nou acc\u00e9s independent a l\u2019edifici (ja que originalment s\u2019hi accedia per l\u2019edifici del taller). L\u2019interior, sempre amb la voluntat de deixar intacte l\u2019embolcall exterior, s\u2019ha solucionat mitjan\u00e7ant unes capses que resolen els aspectes t\u00e8cnics de l\u2019arquitectura (com ara l\u2019ac\u00fastica) i els propis de la dansa (acabats especials de paviments). El projecte mant\u00e9 el car\u00e0cter industrial de la f\u00e0brica i transforma la xemeneia en una lluerna que permet l\u2019entrada de llum natural a les sales d\u2019assaig al mateix temps que il\u00b7lumina l\u2019estructura met\u00e0l\u00b7lica original, la deixa veure i, per tant, la posa en valor.<\/p>\n<p>A la nau de l\u2019antiga f\u00e0brica actualment hi ha oficines privades i malauradament no es conserva cap indici de l\u2019antic edifici de personal ni del seu elegant p\u00f2rtic de formig\u00f3. S\u00ed que s\u2019ha conservat l\u2019edifici dels menjadors on avui hi han ubicats un Centre de Serveis Socials, una Oficina d\u2019Atenci\u00f3 Ciutadana (OAC) i una sala sociocultural. La intervenci\u00f3 dels arquitectes (Ester Ovejero i Jaume Graells, 2007) ha estat molt respectuosa amb l\u2019edifici original i curosa amb la seva restauraci\u00f3. Per una banda, el projecte ha buscat el contrast entre all\u00f2 nou i all\u00f2 antic (la nova OAC s\u2019ha constru\u00eft amb\u00a0 un m\u00f2dul prefabricat de fusta de poca al\u00e7ada que contrasta amb la sobrietat estructural de l\u2019antic edifici i permet llegir-ne l\u2019espai original sense confusions); per l\u2019altra, s\u2019han realitzat feines molt laborioses de restauraci\u00f3 (s\u2019ha reempla\u00e7at l\u2019enrajolat de petit format i recuperat les llumin\u00e0ries originals). Tot plegat per continuar gaudint d\u2019aquest edifici representatiu del moviment modern.<\/p>\n<p>El frond\u00f3s jard\u00ed de la Sra. Van der Harst va ser recuperat l\u2019any 2007 per l\u2019Ajuntament de Barcelona en un treball conjunt amb els alumnes de l\u2019Escola de Jardineria Rubi\u00f3 i Tudur\u00ed. Avui els coneixem com els Jardins dels Drets Humans ja que, distribu\u00efts aleat\u00f2riament per tota la superf\u00edcie, hi trobem trenta punts de llum d\u2019acer gravats, cadascun, amb un article de la Declaraci\u00f3 Universal dels Drets Humans (Nacions Unides, 1948). El nou jard\u00ed conserva els elements originals m\u00e9s destacats, com eren la pista de patinatge i el llac, i mant\u00e9, tamb\u00e9, alguns dels elements vegetals m\u00e9s caracter\u00edstics, com l\u2019impressionant cactus que ha crescut enganxat a l\u2019edifici del taller de vidre i l\u2019espectacular Omb\u00fa Australi\u00e0 de quasi 30 metres d\u2019al\u00e7ada.<\/p>\n<p>Val la pena destacar com la nova arquitectura, El Graner i la Biblioteca Francesc Candel, mitjan\u00e7ant la ubicaci\u00f3 de terrasses plenes de vida que donen fa\u00e7ana al jard\u00ed, s\u2019afegeix al seu esperit inicial aglutinador i articulador d\u2019espais. Ernest Sebasti\u00e0, encarregat del seu manteniment durant m\u00e9s de vint anys, en una ocasi\u00f3 recordava com \u201calguns treballadors fins i tot venien aqu\u00ed a passar els diumenges amb els seus fills, igual que el matrimoni Van der Harst\u201d.<\/p>\n<p>&nbsp;<\/p>\n<p>&nbsp;<\/p>\n<p>&nbsp;<\/p>\n<p>&nbsp;<\/p>\n<p>&nbsp;<\/p>\n<p>Us convidem a visitar el seg\u00fcent enlla\u00e7 per tal d&#8217; admirar m\u00e9s fotos antigues de l&#8217; edifici en q\u00fcesti\u00f3:<\/p>\n<p><object width=\"800\" height=\"1000\"><param name=\"flashvars\" value=\"offsite=true&#038;lang=en-us&#038;page_show_url=%2Fphotos%2Ffrancesccandel%2Fsets%2F72157624521802813%2Fshow%2F&#038;page_show_back_url=%2Fphotos%2Ffrancesccandel%2Fsets%2F72157624521802813%2F&#038;set_id=72157624521802813&#038;jump_to=0\"><\/param><param name=\"movie\" value=\"https:\/\/www.flickr.com\/apps\/slideshow\/show.swf?v=3687798455\"><\/param><param name=\"allowFullScreen\" value=\"true\"><\/param><embed type=\"application\/x-shockwave-flash\" src=\"https:\/\/www.flickr.com\/apps\/slideshow\/show.swf?v=3687798455\" allowFullScreen=\"true\" flashvars=\"offsite=true&#038;lang=en-us&#038;page_show_url=%2Fphotos%2Ffrancesccandel%2Fsets%2F72157624521802813%2Fshow%2F&#038;page_show_back_url=%2Fphotos%2Ffrancesccandel%2Fsets%2F72157624521802813%2F&#038;set_id=72157624521802813&#038;jump_to=0\" width=\"800\" height=\"1000\"><\/embed><\/object><\/p>\n<p>Imatges: Mnactec<\/p>\n<p>Secci\u00f3 presentada per 48H OpenHouse Barcelona<\/p>\n<p><a href=\"http:\/\/www.48hopenhousebarcelona.org\/\">http:\/\/www.48hopenhousebarcelona.org\/<\/a><\/p>\n<p><a href=\"http:\/\/www.48hopenhousebarcelona.org\/\"><img decoding=\"async\" class=\"aligncenter size-full wp-image-797\" src=\"http:\/\/www.cafur.es\/blog\/wp-content\/uploads\/2015\/03\/Logo-blau-horitzontal.png\" alt=\"arc de triomf\" width=\"792\" height=\"230\" \/><\/a><\/p>\n","protected":false},"excerpt":{"rendered":"<p>ILLA PHILIPS (1998-2016) Carrer de JANE ADDAMS &#8211; C. AMNISTIA INTERNACIONAL \u2013 PG. ZONA FRANCA \u2013 C. DE LA FONERIA \u00a0L\u2019any 1919 l\u2019empresa holandesa Philips i la catalana \u201cL\u00e1mparas Z\u201d firmaven un conveni que va permetre a aquesta \u00faltima modernitzar-se i prosperar fins al punt de veure\u2019s amb la necessitat d\u2019ampliar les seves instal\u00b7lacions i [&hellip;]<\/p>\n","protected":false},"author":1,"featured_media":1589,"comment_status":"closed","ping_status":"open","sticky":false,"template":"","format":"standard","meta":{"footnotes":""},"categories":[61],"tags":[19],"class_list":["post-1584","post","type-post","status-publish","format-standard","has-post-thumbnail","hentry","category-edifici-del-mes","tag-arquitectura"],"_links":{"self":[{"href":"https:\/\/skills-crush.com\/cafur\/wp-json\/wp\/v2\/posts\/1584","targetHints":{"allow":["GET"]}}],"collection":[{"href":"https:\/\/skills-crush.com\/cafur\/wp-json\/wp\/v2\/posts"}],"about":[{"href":"https:\/\/skills-crush.com\/cafur\/wp-json\/wp\/v2\/types\/post"}],"author":[{"embeddable":true,"href":"https:\/\/skills-crush.com\/cafur\/wp-json\/wp\/v2\/users\/1"}],"replies":[{"embeddable":true,"href":"https:\/\/skills-crush.com\/cafur\/wp-json\/wp\/v2\/comments?post=1584"}],"version-history":[{"count":0,"href":"https:\/\/skills-crush.com\/cafur\/wp-json\/wp\/v2\/posts\/1584\/revisions"}],"wp:featuredmedia":[{"embeddable":true,"href":"https:\/\/skills-crush.com\/cafur\/wp-json\/"}],"wp:attachment":[{"href":"https:\/\/skills-crush.com\/cafur\/wp-json\/wp\/v2\/media?parent=1584"}],"wp:term":[{"taxonomy":"category","embeddable":true,"href":"https:\/\/skills-crush.com\/cafur\/wp-json\/wp\/v2\/categories?post=1584"},{"taxonomy":"post_tag","embeddable":true,"href":"https:\/\/skills-crush.com\/cafur\/wp-json\/wp\/v2\/tags?post=1584"}],"curies":[{"name":"wp","href":"https:\/\/api.w.org\/{rel}","templated":true}]}}