{"id":1524,"date":"2016-03-29T20:19:01","date_gmt":"2016-03-29T18:19:01","guid":{"rendered":"http:\/\/www.cafur.es\/blog\/?p=1524"},"modified":"2016-03-29T20:19:01","modified_gmt":"2016-03-29T18:19:01","slug":"edificis-amb-historia-illa-philips","status":"publish","type":"post","link":"https:\/\/skills-crush.com\/cafur\/edificis-amb-historia-illa-philips\/","title":{"rendered":"Edificis amb hist\u00f2ria: Illa Philips"},"content":{"rendered":"<h2><strong>ILLA PHILIPS (1952-1959)<\/strong><\/h2>\n<p><strong style=\"line-height: 1.5;\">Carrer de JANE ADDAMS &#8211; C. AMNISTIA INTERNACIONAL \u2013 PG. ZONA FRANCA \u2013 C. DE LA FONERIA<\/strong><\/p>\n<p><strong>\u00a0<\/strong><strong>Quan l\u2019holand\u00e8s Anton Philips va decidir ampliar les seves instal\u00b7lacions a Espanya va enviar un enginyer a explorar el territori. L\u2019enginyer va rec\u00f3rrer el pa\u00eds en moto\u00a0 fins a arribar a Barcelona, on hi va con\u00e8ixer Julio Capar\u00e1, al davant de \u201cL\u00e1mparas Z\u201d. L\u2019any 1919 les dues empreses van firmar un conveni que va permetre a l\u2019empresa catalana modernitzar-se amb la fabricaci\u00f3 de llums incandescents, en un moment en el qual l\u2019electricitat ja despuntava com a nova font energ\u00e8tica per a substituir el carb\u00f3 i el gas, comptant amb l\u2019assessorament t\u00e8cnic de l\u2019empresa holandesa. <\/strong><\/p>\n<p><strong>\u00a0<\/strong>La col\u00b7laboraci\u00f3 entre les empreses va funcionar, la producci\u00f3 de \u201cL\u00e1mparas Z\u201d va augmentar i, als anys 50, la f\u00e0brica va deixar la seva seu de la Gran Via per ampliar les seves instal\u00b7lacions a la Zona Franca. El nou complex industrial disposaria d\u2019un forn i un taller de vidre (constru\u00efts l\u2019any 1952 per l\u2019enginyer Antoni Grau); una nova f\u00e0brica, un edifici d\u2019oficines, un de personal, un per vestuaris i un menjador (constru\u00efts el 1959 per l\u2019arquitecte Josep Soteras i Mauri); i uns jardins pensats com a zona de descans pels habitants del barri i els treballadors de l\u2019empresa (dissenyats l\u2019any 1960 per la Sra. Van der Harst, paisatgista i dona del director general de l\u2019empresa).<\/p>\n<p><img fetchpriority=\"high\" decoding=\"async\" class=\"aligncenter size-full wp-image-1525\" src=\"http:\/\/www.cafur.es\/blog\/wp-content\/uploads\/2016\/03\/IllaPhilips-interior.jpg\" alt=\"Illa Philips\" width=\"800\" height=\"523\" \/><\/p>\n<p>Els edificis de la primera fase (1952) eren dos edificis adossats: un volum longitudinal i baix de formig\u00f3 armat, tancaments de totxo vist, grans finestrals en fa\u00e7ana i una coberta d\u2019encavallades met\u00e0l\u00b7liques que formaven un quart de circumfer\u00e8ncia per millorar les condicions d\u2019il\u00b7luminaci\u00f3 i ventilaci\u00f3 interiors; i un forn, on es duia a terme la cocci\u00f3 del vidre, que rematava de manera molt singular, la nau anterior. El forn era un edifici purament funcional on l\u2019\u00fas donava forma a l\u2019edifici, un edifici xemeneia aixecat sobre una planta basilical, amb la coberta i les fa\u00e7anes recobertes de xapa grecada met\u00e0l\u00b7lica.<\/p>\n<p>Jaume Homar, ex treballador de la f\u00e0brica, va comentar en una ocasi\u00f3 que \u201cal forn s\u2019hi treballava cont\u00ednuament, dia i nit i dissabtes i diumenges, perqu\u00e8 el proc\u00e9s no permetia parar&#8230;\u201d Al 1956 es feien torns dobles de treball, es va ampliar la maquin\u00e0ria i es va augmentar la plantilla fins a 1.398 persones. En aquest context, s\u2019iniciaven les obres de la segona fase d\u2019ampliaci\u00f3 de l\u2019empresa.<\/p>\n<p>La nova f\u00e0brica de \u201cL\u00e1mparas Z\u201d era una gran nau distribu\u00efda en planta semisoterrani i un altell met\u00e0l\u00b7lic desmuntable que s\u2019utilitzaven com a magatzem, i una planta pis destinada a la producci\u00f3. La planta de producci\u00f3, que es comunicava amb l\u2019edifici existent del taller mitjan\u00e7ant un pont susp\u00e8s, disposava de dues llargues lluernes per a extractors de turbines que evitaven l\u2019excessiu escalfament del local. En un dels extrems de la nau hi havia ubicats els vestidors, l\u2019edifici de personal (situat sobre un elegant p\u00f2rtic de formig\u00f3 que feia d\u2019aparcament) i una torre de sis pisos destinada a oficines, a proves de l\u00e0mpades i que contenia un dip\u00f2sit d\u2019aig\u00fces amb capacitat de 250.000 litres a la sisena planta.<\/p>\n<p>\u00c9s de suposar que la solidesa i el bon disseny de l\u2019edifici van ser claus per evitar la cat\u00e0strofe quan, a l\u2019agost de 1959, tot just acabat d\u2019inaugurar, es va produir un incendi aparat\u00f3s a la f\u00e0brica. No hi va haver danys estructurals, es va poder recuperar la maquin\u00e0ria i en nom\u00e9s sis dies es va reprendre la producci\u00f3. En aquell moment l\u2019empresa ja comptava amb 2.400 treballadors, el 90% dels quals eren dones.<\/p>\n<p>D\u2019aquesta segona fase de construcci\u00f3 en destaca l\u2019edifici dels menjadors, una petita joia arquitect\u00f2nica que heretava les maneres de fer del moviment modern. Aquestes maneres es poden veure en l\u2019explotaci\u00f3 de les capacitats expressives del formig\u00f3 armat (cobertes inclinades a una aigua i pilars en forma de V que alleugerien i donaven moviment a l\u2019edifici); i en la combinaci\u00f3 d\u2019aquestes amb els sistemes constructius locals (tancaments de totxo vist, \u00fas de la p\u00e8rgola com a element de transici\u00f3 interior-exterior i acabats d\u2019enrajolats de petites dimensions en paraments exteriors). L\u2019espai de la cantina, amb una capacitat de quatre cents coberts en un sol torn, es distribu\u00efa en doble al\u00e7ada (les treballadores menjaven a la planta baixa mentre els alts c\u00e0rrecs ho feien a la zona de l\u2019altell); aquest segon pis tenia acc\u00e9s directe a una terrassa amb vistes sobre el frond\u00f3s jard\u00ed. Un jard\u00ed on la Sra. Van der Harst va plantar m\u00e9s de seixanta esp\u00e8cies diferents de plantes i arbres que ella mateixa anava adquirint en els nombrosos viatges que feia arreu del m\u00f3n.<\/p>\n<p>&nbsp;<\/p>\n<p>Us convidem a visitar el seg\u00fcent enlla\u00e7 per tal d&#8217; admirar m\u00e9s fotos antigues de l&#8217; edifici en q\u00fcesti\u00f3:<\/p>\n<p><object width=\"800\" height=\"1000\"><param name=\"flashvars\" value=\"offsite=true&#038;lang=en-us&#038;page_show_url=%2Fphotos%2Ffrancesccandel%2Fsets%2F72157624521802813%2Fshow%2F&#038;page_show_back_url=%2Fphotos%2Ffrancesccandel%2Fsets%2F72157624521802813%2F&#038;set_id=72157624521802813&#038;jump_to=0\"><\/param><param name=\"movie\" value=\"https:\/\/www.flickr.com\/apps\/slideshow\/show.swf?v=3687798455\"><\/param><param name=\"allowFullScreen\" value=\"true\"><\/param><embed type=\"application\/x-shockwave-flash\" src=\"https:\/\/www.flickr.com\/apps\/slideshow\/show.swf?v=3687798455\" allowFullScreen=\"true\" flashvars=\"offsite=true&#038;lang=en-us&#038;page_show_url=%2Fphotos%2Ffrancesccandel%2Fsets%2F72157624521802813%2Fshow%2F&#038;page_show_back_url=%2Fphotos%2Ffrancesccandel%2Fsets%2F72157624521802813%2F&#038;set_id=72157624521802813&#038;jump_to=0\" width=\"800\" height=\"1000\"><\/embed><\/object><\/p>\n<p>Imatges: Mnactec<\/p>\n<p>Secci\u00f3 presentada per 48H OpenHouse Barcelona<\/p>\n<p><a href=\"http:\/\/www.48hopenhousebarcelona.org\/\">http:\/\/www.48hopenhousebarcelona.org\/<\/a><\/p>\n<p><a href=\"http:\/\/www.48hopenhousebarcelona.org\/\"><img decoding=\"async\" class=\"aligncenter size-full wp-image-797\" src=\"http:\/\/www.cafur.es\/blog\/wp-content\/uploads\/2015\/03\/Logo-blau-horitzontal.png\" alt=\"arc de triomf\" width=\"792\" height=\"230\" \/><\/a><\/p>\n","protected":false},"excerpt":{"rendered":"<p>ILLA PHILIPS (1952-1959) Carrer de JANE ADDAMS &#8211; C. AMNISTIA INTERNACIONAL \u2013 PG. ZONA FRANCA \u2013 C. DE LA FONERIA \u00a0Quan l\u2019holand\u00e8s Anton Philips va decidir ampliar les seves instal\u00b7lacions a Espanya va enviar un enginyer a explorar el territori. L\u2019enginyer va rec\u00f3rrer el pa\u00eds en moto\u00a0 fins a arribar a Barcelona, on hi va [&hellip;]<\/p>\n","protected":false},"author":1,"featured_media":1528,"comment_status":"closed","ping_status":"open","sticky":false,"template":"","format":"standard","meta":{"footnotes":""},"categories":[61],"tags":[19],"class_list":["post-1524","post","type-post","status-publish","format-standard","has-post-thumbnail","hentry","category-edifici-del-mes","tag-arquitectura"],"_links":{"self":[{"href":"https:\/\/skills-crush.com\/cafur\/wp-json\/wp\/v2\/posts\/1524","targetHints":{"allow":["GET"]}}],"collection":[{"href":"https:\/\/skills-crush.com\/cafur\/wp-json\/wp\/v2\/posts"}],"about":[{"href":"https:\/\/skills-crush.com\/cafur\/wp-json\/wp\/v2\/types\/post"}],"author":[{"embeddable":true,"href":"https:\/\/skills-crush.com\/cafur\/wp-json\/wp\/v2\/users\/1"}],"replies":[{"embeddable":true,"href":"https:\/\/skills-crush.com\/cafur\/wp-json\/wp\/v2\/comments?post=1524"}],"version-history":[{"count":0,"href":"https:\/\/skills-crush.com\/cafur\/wp-json\/wp\/v2\/posts\/1524\/revisions"}],"wp:featuredmedia":[{"embeddable":true,"href":"https:\/\/skills-crush.com\/cafur\/wp-json\/"}],"wp:attachment":[{"href":"https:\/\/skills-crush.com\/cafur\/wp-json\/wp\/v2\/media?parent=1524"}],"wp:term":[{"taxonomy":"category","embeddable":true,"href":"https:\/\/skills-crush.com\/cafur\/wp-json\/wp\/v2\/categories?post=1524"},{"taxonomy":"post_tag","embeddable":true,"href":"https:\/\/skills-crush.com\/cafur\/wp-json\/wp\/v2\/tags?post=1524"}],"curies":[{"name":"wp","href":"https:\/\/api.w.org\/{rel}","templated":true}]}}