{"id":1484,"date":"2016-02-29T19:46:10","date_gmt":"2016-02-29T17:46:10","guid":{"rendered":"http:\/\/www.cafur.es\/blog\/?p=1484"},"modified":"2016-02-29T19:46:10","modified_gmt":"2016-02-29T17:46:10","slug":"edificis-amb-historia-antiga-seu-editorial-gustavo-gili","status":"publish","type":"post","link":"https:\/\/skills-crush.com\/cafur\/edificis-amb-historia-antiga-seu-editorial-gustavo-gili\/","title":{"rendered":"Edificis amb hist\u00f2ria: Antiga Seu Editorial Gustavo Gili"},"content":{"rendered":"<p><strong>ANTIGA SEU DE L\u2019EDITORIAL GUSTAVO GILI<\/strong><\/p>\n<p><strong style=\"line-height: 1.5;\">Carrer ROSSELL\u00d3, 87-89<\/strong><\/p>\n<p><strong>Joaquim Gili i Francesc Bass\u00f3, 1960<\/strong><\/p>\n<p><strong>\u00a0<\/strong><strong>Recentment ha estat not\u00edcia que l\u2019empresa Amazon llogar\u00e0 la seu de l\u2019editorial Gustavo Gili per a ubicar-hi un nou centre d\u2019atenci\u00f3 al client. Aquest centre est\u00e0 previst que entri en funcionament el pr\u00f2xim estiu i, juntament amb el nou centre log\u00edstic de Mas Blau, demostren una clara aposta del gegant del comer\u00e7 electr\u00f2nic per la ciutat comtal. En aquest text ens centrarem en el tret arquitect\u00f2nic de la not\u00edcia.<\/strong><\/p>\n<p>El m\u00f3n editorial a Barcelona va ser, durant molt temps, un dels principals sectors econ\u00f2mics de la ciutat. Recordem, aix\u00ed, l\u2019editorial Montaner Sim\u00f3, obra de Dom\u00e8nech i Montaner que avui allotja la coneguda Fundaci\u00f3 T\u00e0pies; l\u2019editorial Thomas, obra del mateix arquitecte; o la desapareguda editorial Sopena. La ind\u00fastria, inicialment concentrada en el nucli antic de la ciutat, es va anar despla\u00e7ant cap al barri de Sant Antoni, posteriorment cap al Passeig de Gr\u00e0cia i, finalment, per tot l\u2019eixample barcelon\u00ed. En aquest context, l\u2019any 1960, l\u2019editorial Gustavo Gili va decidir empla\u00e7ar la seva nova seu al mig de l\u2019eixample de Cerd\u00e0, en un edifici que hauria de mostrar la\u00a0 modernitzaci\u00f3 de l\u2019empresa i la seva adaptaci\u00f3 a les necessitats de la vida moderna. El resultat final, dissenyat pels arquitectes Joaquim Gili (n\u00e9t del fundador de l\u2019editorial) i Francesc Bass\u00f3, va valdre el premi FAD l\u2019any 1961. Es tractava d\u2019un edifici que aconseguia alhora un confort en el lloc de treball (mitjan\u00e7ant la cerca de la funcionalitat i de la llum natural) i una imatge de modernitat (mitjan\u00e7ant la utilitzaci\u00f3 acurada de nous materials).<\/p>\n<p><img fetchpriority=\"high\" decoding=\"async\" class=\"aligncenter wp-image-1486\" src=\"http:\/\/www.cafur.es\/blog\/wp-content\/uploads\/2016\/02\/antiga-seu-editorial-gustavo-gili-1024x744.jpg\" alt=\"antiga-seu-editorial-gustavo-gili\" width=\"800\" height=\"582\" \/><\/p>\n<p>Joaquim Gili (1916-1984) va viure una primera etapa d\u2019estudiant d\u2019arquitectura en contacte amb el GATCPAC (Grup d\u2019Arquitectes i T\u00e8cnics Catalans per al Progr\u00e9s de l\u2019Arquitectura Contempor\u00e0nia), concretament amb Torres Clav\u00e9, amb qui va formar part del Comit\u00e8 Revolucionari de l\u2019Escola d\u2019Arquitectura i, m\u00e9s tard, va coincidir-hi al front. Despr\u00e9s de la guerra, Gili va ser sotm\u00e8s a repres\u00e0lies i, quan es va poder reincorporar als estudis, va coincidir amb estudiants cinc o sis anys m\u00e9s joves que ell que reprenien l\u2019ideari racionalista del GATCPAC estroncat per la guerra civil. Eren el GRUP R, una generaci\u00f3 de postguerra entre els quals hi havia Francesc Bass\u00f3. Joaquim Gili, per tant, va actuar d\u2019enlla\u00e7 entre l\u2019arquitectura de la rep\u00fablica (GATCPAC) i el racionalisme de la postguerra (GRUP R). Es diu que ell destacava per tenir una gran sensibilitat art\u00edstica, mentre que Francesc Bass\u00f3 ho feia per disposar d\u2019un gran coneixement constructiu i rigor tecnol\u00f2gic.<\/p>\n<p>La seu de l\u2019editorial Gustavo Gili ocupa l\u2019interior d\u2019una illa del Pla Cerd\u00e0, tot i que mant\u00e9 els preceptes originals de dotar-los d\u2019espai verd articulant l\u2019edifici al voltant d\u2019un seguit de patis. L\u2019edificaci\u00f3 es reparteix en tres volums en planta baixa, estretament relacionats amb els diferents espais exteriors, i cada volum respon a una funci\u00f3 concreta: al gran cos central hi trobem el vest\u00edbul i les oficines de l\u2019editorial; a l\u2019esquerra, en un volum que controla l\u2019entrada i sortida de l\u2019edifici al mateix temps que s\u2019alimenta de la tranquil\u00b7litat d\u2019un jard\u00ed interior, hi trobem les oficines i la direcci\u00f3; a la dreta, amb acc\u00e9s directe per a camions des del carrer Rossell\u00f3, el magatzem. Totalment exempta al conjunt encara ara hi podem veure la casa del guarda. La relaci\u00f3 entre l\u2019edificaci\u00f3 i els patis permet, a part de l\u2019entrada de llum natural a l\u2019interior de l\u2019edifici, uns eixos visuals i efectes de transpar\u00e8ncia que doten el conjunt d\u2019un gran dinamisme i una gran qualitat est\u00e8tica.<\/p>\n<p><img decoding=\"async\" class=\"aligncenter wp-image-1489\" src=\"http:\/\/www.cafur.es\/blog\/wp-content\/uploads\/2016\/02\/antiga-seu-editorial-gustavo-gili2.jpg\" alt=\"antiga-seu-editorial-gustavo-gili2\" width=\"800\" height=\"450\" \/><\/p>\n<p>La soluci\u00f3 estructural dissenyada per l\u2019edifici emfatitza aquest dinamisme i \u00e9s una clara aposta per les noves tecnologies del moment. Es tracta d\u2019una estructura amb pilars i j\u00e0sseres de formig\u00f3 armat que combina llums petites, pels espais compartimentats, amb una preciosa estructura de grans llums i un volad\u00eds, per l\u2019espai representatiu del vest\u00edbul. El projecte aprofitava les possibilitats expressives de l\u2019estructura i la deixava vista, al mateix temps que l\u2019\u00fas del nou material, el formig\u00f3 armat, permetia alliberar els tancaments de la funci\u00f3 estructural i, per tant, crear grans obertures en fa\u00e7ana.<\/p>\n<p>L\u2019editorial Gustavo Gili mantenia l\u2019edifici en un perfecte estat on s\u2019hi podien apreciar una infinitat de detalls que el feien representatiu del moviment modern a Barcelona: el disseny original dels interruptors o del sistema de calefacci\u00f3 per radiaci\u00f3; el disseny i la dif\u00edcil execuci\u00f3 dels passamans de les escales completament continus; un acurat disseny de la fusteria met\u00e0l\u00b7lica; una cuina que quan hi entraves et transportava als anys 60; la il\u00b7luminaci\u00f3 zenital de la cantina; la protecci\u00f3 solar en forma de gelosia, etc. Desitgem molta sort a l\u2019editorial en la seva nova etapa i, ara que les m\u00e0quines ja treballen a l\u2019interior de l\u2019illa, esperem tornar a gaudir de l\u2019arquitectura de l\u2019edifici amb els nous llogaters.<\/p>\n<p>&nbsp;<\/p>\n<p>Secci\u00f3 presentada per 48H OpenHouse Barcelona<\/p>\n<p><a href=\"http:\/\/www.48hopenhousebarcelona.org\/\">http:\/\/www.48hopenhousebarcelona.org\/<\/a><\/p>\n<p><a href=\"http:\/\/www.48hopenhousebarcelona.org\/\"><img decoding=\"async\" class=\"aligncenter size-full wp-image-797\" src=\"http:\/\/www.cafur.es\/blog\/wp-content\/uploads\/2015\/03\/Logo-blau-horitzontal.png\" alt=\"arc de triomf\" width=\"792\" height=\"230\" \/><\/a><\/p>\n<p><strong>Imatges:<\/strong><\/p>\n<p>whathappened.org<\/p>\n<p>http:\/\/bajoelsignodelibra.blogspot.com.es\/2014\/02\/motor-de-modernitat-grup-r-arquitectura.html<\/p>\n","protected":false},"excerpt":{"rendered":"<p>Recentment ha estat not\u00edcia que l\u2019empresa Amazon llogar\u00e0 l&#8217; antiga seu de l\u2019editorial Gustavo Gili per a ubicar-hi un nou centre d\u2019atenci\u00f3 al client. <\/p>\n","protected":false},"author":1,"featured_media":1492,"comment_status":"closed","ping_status":"open","sticky":false,"template":"","format":"standard","meta":{"footnotes":""},"categories":[61],"tags":[19],"class_list":["post-1484","post","type-post","status-publish","format-standard","has-post-thumbnail","hentry","category-edifici-del-mes","tag-arquitectura"],"_links":{"self":[{"href":"https:\/\/skills-crush.com\/cafur\/wp-json\/wp\/v2\/posts\/1484","targetHints":{"allow":["GET"]}}],"collection":[{"href":"https:\/\/skills-crush.com\/cafur\/wp-json\/wp\/v2\/posts"}],"about":[{"href":"https:\/\/skills-crush.com\/cafur\/wp-json\/wp\/v2\/types\/post"}],"author":[{"embeddable":true,"href":"https:\/\/skills-crush.com\/cafur\/wp-json\/wp\/v2\/users\/1"}],"replies":[{"embeddable":true,"href":"https:\/\/skills-crush.com\/cafur\/wp-json\/wp\/v2\/comments?post=1484"}],"version-history":[{"count":0,"href":"https:\/\/skills-crush.com\/cafur\/wp-json\/wp\/v2\/posts\/1484\/revisions"}],"wp:featuredmedia":[{"embeddable":true,"href":"https:\/\/skills-crush.com\/cafur\/wp-json\/"}],"wp:attachment":[{"href":"https:\/\/skills-crush.com\/cafur\/wp-json\/wp\/v2\/media?parent=1484"}],"wp:term":[{"taxonomy":"category","embeddable":true,"href":"https:\/\/skills-crush.com\/cafur\/wp-json\/wp\/v2\/categories?post=1484"},{"taxonomy":"post_tag","embeddable":true,"href":"https:\/\/skills-crush.com\/cafur\/wp-json\/wp\/v2\/tags?post=1484"}],"curies":[{"name":"wp","href":"https:\/\/api.w.org\/{rel}","templated":true}]}}