{"id":1275,"date":"2015-11-23T05:52:54","date_gmt":"2015-11-23T03:52:54","guid":{"rendered":"http:\/\/www.cafur.es\/blog\/?p=1275"},"modified":"2015-11-23T05:52:54","modified_gmt":"2015-11-23T03:52:54","slug":"casa-planells","status":"publish","type":"post","link":"https:\/\/skills-crush.com\/cafur\/casa-planells\/","title":{"rendered":"Edificis amb hist\u00f2ria: Casa Planells"},"content":{"rendered":"<p><img fetchpriority=\"high\" decoding=\"async\" class=\"aligncenter size-large wp-image-1285\" src=\"http:\/\/www.cafur.es\/blog\/wp-content\/uploads\/2015\/11\/casaplanells-1-1024x768.jpg\" alt=\"casa planells\" width=\"700\" height=\"525\" \/><\/p>\n<p><strong>CASA PLANELLS<\/strong><\/p>\n<p><strong>Avinguda DIAGONAL 332<\/strong><\/p>\n<p><strong>Josep M. Jujol i Gibert, 1923 \u2013 1927<\/strong><\/p>\n<p><strong>La ciutat convidada de la passada edici\u00f3 del festival 48h Open House BCN va ser Sant Joan Desp\u00ed, fet que va permetre a la ciutadania visitar, sobretot, algunes obres de l\u2019arquitecte Josep M. Jujol. Col\u00b7laborador d\u2019Antoni Gaud\u00ed en obres com la Casa Batll\u00f3, la Pedrera o el Park G\u00fcell, en va ser arquitecte municipal i va deixar-hi una empremta important. Jujol va disposar de pressupostos modestos que no li van permetre realitzar una arquitectura tan monumental com la del seu mestre, per\u00f2 la seva obra \u00e9s tan o m\u00e9s genu\u00efna que la d\u2019Antoni Gaud\u00ed.<\/strong><\/p>\n<p style=\"text-align: center;\">Respiren totes les formes,<\/p>\n<p style=\"text-align: center;\">i el bra\u00e7 s\u2019est\u00e9n cap a una nova terra.<\/p>\n<p style=\"text-align: center;\">Ferros extrems entortolliguen fustes en una arquitectura que, entre pedres,<\/p>\n<p style=\"text-align: center;\">dels vidres fa joiells, dels joiells vidres,<\/p>\n<p style=\"text-align: center;\">i uneix llums i sanefes amb filferros.<\/p>\n<p style=\"text-align: center;\"><em>Joan Brossa: \u201cSextina a l\u2019arquitecte Josep M. Jujol\u201d \u2013 Furg\u00f3 de cua (1989-1991)<\/em><\/p>\n<p>&nbsp;<\/p>\n<p>Tal i com diu Joan Brossa en el seu poema, al bell mig de la quadr\u00edcula de l\u2019Eixample barcelon\u00ed, la Casa Planells respira: l\u2019edifici t\u00e9 cos i t\u00e9 panxa. Un cos, l\u2019arquitectura, que mostra amb naturalitat la seva musculaci\u00f3 mentre n\u2019amaga qualsevol estat d\u2019esfor\u00e7 o de tensi\u00f3.<\/p>\n<p>El projecte de la Casa Planells va canviar en diverses ocasions: primer havia de ser una casa unifamiliar amb jard\u00ed per a un metge; despr\u00e9s, un habitatge per a la fam\u00edlia Planells; i, finalment, quan la constructora d\u2019Evel\u00b7l\u00ed Planells va fer fallida i els propietaris es van vendre la meitat de la parcel\u00b7la, s\u2019hi constru\u00ed una casa de pisos de lloguer. Aix\u00ed doncs, l\u2019arquitecte, per una banda, va haver de resoldre un projecte amb un pressupost molt ajustat (fet que solucion\u00e0 amb un gran sentit com\u00fa constructiu i amb un \u00fas esc\u00e0s de mitjans materials); i, per l\u2019altra, va haver d\u2019enfrontar-se a un solar de dimensions redu\u00efdes (que resolgu\u00e9 habilidosament amb el disseny d\u2019un gran volad\u00eds i la incorporaci\u00f3 d\u2019un altell als habitatges).<\/p>\n<p><img decoding=\"async\" class=\"aligncenter wp-image-1280\" src=\"http:\/\/www.cafur.es\/blog\/wp-content\/uploads\/2013\/11\/08-Casa-Planells-ESQUEMA-PLANTES-1024x432.jpg\" alt=\"Casa Planells\" width=\"800\" height=\"337\" \/><\/p>\n<p>&nbsp;<\/p>\n<p>Tal i com apunta Arturo Frediani, arquitecte que va ocupar el pis principal de l\u2019edifici fins fa ben poc, \u201c[&#8230;] la casa \u00e9s com una nina russa: per fora sembla m\u00e9s petita del que despr\u00e9s et trobes a dins [&#8230;]\u201d. \u00c9s cert. A la Casa Planells, Jujol tan ens mostra el seu afany per trobar noves formes espacials, com ens ensenya un interior ple de detalls que ens distreuen del conjunt: una papallona de ferro forjat que es transforma en la barana d\u2019una escala de cargol de tot just 70 cm d\u2019amplada; uns paviments de mosaics que representen la faula de \u201cLa Formiga i la Cigala\u201d; un pilar que gira sobre si mateix per ondular tota la fa\u00e7ana de l\u2019edifici; una finestra que, com si d\u2019un espiell es tract\u00e9s, permetia als infants controlar els moviments dels pares&#8230;<\/p>\n<p>La Casa Planells \u00e9s el darrer edifici modernista de Barcelona i representa una aproximaci\u00f3 de l\u2019arquitecte cap als moviments m\u00e9s renovadors de mitjans dels anys 20. La modernitzaci\u00f3 de l\u2019arquitectura es pot constatar en el disseny dels voladissos agosarats; en l\u2019escassetat de colors i materials que apareixen en la construcci\u00f3 (l\u2019\u00fanic material de fa\u00e7ana \u00e9s l\u2019arrebossat); en l\u2019elecci\u00f3 del formig\u00f3 armat com a material per aixecar l\u2019esquelet de l\u2019edifici; en l\u2019horitzontalitat de la fa\u00e7ana (possible gr\u00e0cies a l\u2019\u00fas dels nous materials del moment); i en el contacte directe entre l\u2019exterior i l\u2019interior dels habitatges (el pis principal de la Casa Planells t\u00e9 la mateixa superf\u00edcie de vidre que de paviment).<\/p>\n<p>No \u00e9s d\u2019estranyar, doncs, que l\u2019actor John Malkovic, tot passejant per Barcelona l\u2019any 2004, es qued\u00e9s meravellat amb l\u2019arquitectura de la Casa Planells. Una arquitectura que, lluny de ser pretensiosa, converteix en extraordinari el dia a dia del modest client que l\u2019habita.<\/p>\n<p>Com visitar l\u2019edifici:<\/p>\n<p>Aprofiteu l\u2019oportunitat que ofereix el cap de setmana 48h Open House BCN a finals d\u2019octubre de cada any: <a href=\"http:\/\/www.48hopenhousebarcelona.org\/\">http:\/\/www.48hopenhousebarcelona.org\/<\/a><\/p>\n<p><a href=\"http:\/\/www.48hopenhousebarcelona.org\/\"><img decoding=\"async\" class=\"aligncenter size-full wp-image-797\" src=\"http:\/\/www.cafur.es\/blog\/wp-content\/uploads\/2015\/03\/Logo-blau-horitzontal.png\" alt=\"arc de triomf\" width=\"792\" height=\"230\" \/><\/a><\/p>\n<p style=\"text-align: right;\"><em>Secci\u00f3 presentada per 48H OpenHouse Barcelona<\/em><\/p>\n<p>&nbsp;<\/p>\n<p>&nbsp;<\/p>\n","protected":false},"excerpt":{"rendered":"<p>Tal i com diu Joan Brossa en el seu poema, al bell mig de la quadr\u00edcula de l\u2019Eixample, la Casa Planells respira: l\u2019edifici t\u00e9 vida, t\u00e9 cos i t\u00e9 panxa. Un cos, l\u2019arquitectura, que mostra amb naturalitat la seva musculaci\u00f3 mentre n\u2019amaga qualsevol estat d\u2019esfor\u00e7 o de tensi\u00f3.<\/p>\n","protected":false},"author":1,"featured_media":1283,"comment_status":"closed","ping_status":"open","sticky":false,"template":"","format":"standard","meta":{"footnotes":""},"categories":[61],"tags":[19],"class_list":["post-1275","post","type-post","status-publish","format-standard","has-post-thumbnail","hentry","category-edifici-del-mes","tag-arquitectura"],"_links":{"self":[{"href":"https:\/\/skills-crush.com\/cafur\/wp-json\/wp\/v2\/posts\/1275","targetHints":{"allow":["GET"]}}],"collection":[{"href":"https:\/\/skills-crush.com\/cafur\/wp-json\/wp\/v2\/posts"}],"about":[{"href":"https:\/\/skills-crush.com\/cafur\/wp-json\/wp\/v2\/types\/post"}],"author":[{"embeddable":true,"href":"https:\/\/skills-crush.com\/cafur\/wp-json\/wp\/v2\/users\/1"}],"replies":[{"embeddable":true,"href":"https:\/\/skills-crush.com\/cafur\/wp-json\/wp\/v2\/comments?post=1275"}],"version-history":[{"count":0,"href":"https:\/\/skills-crush.com\/cafur\/wp-json\/wp\/v2\/posts\/1275\/revisions"}],"wp:featuredmedia":[{"embeddable":true,"href":"https:\/\/skills-crush.com\/cafur\/wp-json\/"}],"wp:attachment":[{"href":"https:\/\/skills-crush.com\/cafur\/wp-json\/wp\/v2\/media?parent=1275"}],"wp:term":[{"taxonomy":"category","embeddable":true,"href":"https:\/\/skills-crush.com\/cafur\/wp-json\/wp\/v2\/categories?post=1275"},{"taxonomy":"post_tag","embeddable":true,"href":"https:\/\/skills-crush.com\/cafur\/wp-json\/wp\/v2\/tags?post=1275"}],"curies":[{"name":"wp","href":"https:\/\/api.w.org\/{rel}","templated":true}]}}