{"id":1201,"date":"2015-10-09T19:52:49","date_gmt":"2015-10-09T17:52:49","guid":{"rendered":"http:\/\/www.cafur.es\/blog\/?p=1201"},"modified":"2015-10-09T19:52:49","modified_gmt":"2015-10-09T17:52:49","slug":"festival-d-arquitectura-48h-open-house-bcn","status":"publish","type":"post","link":"https:\/\/skills-crush.com\/cafur\/festival-d-arquitectura-48h-open-house-bcn\/","title":{"rendered":"Festival d&#8217; arquitectura 48H OPEN HOUSE BCN"},"content":{"rendered":"<p><strong>El proper 24 i 25 d\u2019octubre, en el marc del festival d&#8217; arquitectura 48h Open House BCN, s\u2019obriran les portes de m\u00e9s de 150 edificis de la ciutat de Barcelona. El Festival \u00e9s un projecte transversal que involucra propietat p\u00fablica i privada, t\u00e8cnics i voluntaris. Des de l\u2019organitzaci\u00f3 ens agradaria explicar aquelles an\u00e8cdotes que no es veuen per\u00f2 que ens motiven a seguir treballant. <\/strong><\/p>\n<p><strong>\u00a0<\/strong>El Festival crea sinergies, com la del cas de dos voluntaris que no es coneixien i que, despr\u00e9s d\u2019un dia molt intens organitzant les visites i explicant la infraestructura de la Font M\u00e0gica de Montju\u00efc, van decidir muntar estudi junts (avui encara els funciona). O com el cas d\u2019una ciutadana i una arquitecta que es van con\u00e8ixer fent cua per visitar un edifici del Festival i la conversa de l\u2019espera va acabar en una nova relaci\u00f3 clienta-t\u00e8cnica per un projecte d\u2019habitatge.<\/p>\n<p><img fetchpriority=\"high\" decoding=\"async\" class=\"aligncenter size-full wp-image-1205\" src=\"http:\/\/www.cafur.es\/blog\/wp-content\/uploads\/2015\/10\/FONT-MAGICA-6.jpg\" alt=\"festival d' arquitectura 48h open house\" width=\"1000\" height=\"667\" \/><\/p>\n<p>El Festival aguditza l\u2019enginy dels professionals que expliquen les seves obres a un p\u00fablic molt divers, com \u00e9s el cas de l\u2019arquitecte de l\u2019edifici Esf\u00e8ric que va enviar el seg\u00fcent missatge a la directora del Festival (citaci\u00f3 textual):<\/p>\n<p><em> (&#8230;) T&#8217;escric perqu\u00e8 vaig tenir una de les experi\u00e8ncies m\u00e9s interessants lligada a ESF\u00c8RIC: ensenyar-li a un invident l&#8217;edifici circular, va ser per a mi molt enriquidor i per aix\u00f2 vull donar-te les gr\u00e0cies. Pujat sobre una escala va comen\u00e7ar a tocar el sostre i entendre el joc de textures de l&#8217;edifici. Salutacions i enhorabona per la iniciativa (&#8230;) <\/em><\/p>\n<p>El Festival difon l\u2019arquitectura i el patrimoni de Barcelona a gran i a petita escala. Per exemple, en els habitatges del carrer Biscaia hem pogut comprovar com, any rere any, cada vegada m\u00e9s ve\u00efns s\u2019han involucrat en el Festival, ensenyant casa seva i prenent consci\u00e8ncia que el seu edifici \u00e9s representatiu del moviment modern a Barcelona.<\/p>\n<p><img decoding=\"async\" class=\"aligncenter size-large wp-image-1206\" src=\"http:\/\/www.cafur.es\/blog\/wp-content\/uploads\/2015\/10\/cilindre-dhorta-1024x447.jpg\" alt=\"cilindre-dhorta\" width=\"700\" height=\"306\" \/><\/p>\n<p>El Festival s\u2019alimenta de tothom i, sovint, qui m\u00e9s apr\u00e8n \u00e9s el voluntari que est\u00e0 a peu de carrer. Els voluntaris del Cilindre d\u2019Horta ens comenten que les aportacions de les viv\u00e8ncies de la gent del barri enriquien les seves explicacions, perqu\u00e8 ajudaven a entendre que, durant molts anys, aquell havia estat l\u2019\u00fanic cam\u00ed per salvar el desnivell del barri. I aqu\u00ed aprofitem per agrair especialment a aquells treballadors de l\u2019Administraci\u00f3, grans coneixedors de la ciutat i il\u00b7lusionats amb el projecte Open House, que cada any ens han descobert nous indrets per incorporar a la programaci\u00f3 i ens han motivat a seguir coneixent i difonent el nostre entorn.<\/p>\n<p>El Festival involucra t\u00e8cnics que expliquen, de primera m\u00e0, la complexitat de la nostra professi\u00f3: les casu\u00edstiques pol\u00edtiques, hist\u00f2riques i econ\u00f2miques de cada projecte, el perqu\u00e8 de les formes de cada edifici, el sistema constructiu, la llum, l\u2019espai, el color, els materials, els detalls, etc. Alguns professionals, fins i tot, es multipliquen per poder explicar personalment els seus projectes: al mat\u00ed s\u00f3n a Fabra i Coats i, a la tarda, al Parc de Bombers de Montju\u00efc; el dissabte s\u00f3n a Ca l\u2019Arany\u00f3 i diumenge, a la Torre d\u2019Aig\u00fces del Bes\u00f2s; un membre de l\u2019estudi \u00e9s a la Casa Golferichs mentre l\u2019altre explica el Camp de Futbol Roquetes&#8230;<\/p>\n<p>El Festival es desenvolupa en un ambient dist\u00e8s on, per exemple, la propiet\u00e0ria d\u2019un habitatge convida als voluntaris a esmorzar junts abans d\u2019obrir al p\u00fablic; tamb\u00e9, on propietaris i voluntaris, despr\u00e9s d\u2019unes hores intenses, celebren junts un fi de festa.<\/p>\n<p>Des de l\u2019organitzaci\u00f3 sabem que hi ha aspectes a millorar, alguna queixa tamb\u00e9 hem rebut, per\u00f2, els pocs que som seguirem esfor\u00e7ant-nos per fer-ho millor. Agra\u00efm a les m\u00e9s de cent propietats p\u00fabliques i privades que, en un exercici de responsabilitat social, ensenyin el seu patrimoni; agra\u00efm a les diferents associacions que comparteixin, amb l\u2019energia pr\u00f2pia d\u2019un projecte personal, el gran coneixement que tenen sobre el seu tros de ciutat; agra\u00efm als patrocinadors, com CAFUR, que apostin per la cultura i facin que el Festival sigui possible; agra\u00efm als m\u00e9s de nou-cents voluntaris que, amb energia i il\u00b7lusi\u00f3, siguin la cara visible del Festival. Nosaltres ens seguirem involucrant amb la ciutat i defensant que L\u2019ARQUITECTURA \u00c9S CULTURA!<\/p>\n<p>Aprofiteu l\u2019oportunitat que ofereix el festival 48h Open House BCN el 24 i 25 d\u2019octubre de 2015: <a href=\"http:\/\/www.48hopenhousebarcelona.org\/\">http:\/\/www.48hopenhousebarcelona.org\/<\/a><\/p>\n<p>&nbsp;<\/p>\n","protected":false},"excerpt":{"rendered":"<p>El proper 24 i 25 d\u2019octubre, en el marc del festival d&#8217; arquitectura 48h Open House BCN, s\u2019obriran les portes de m\u00e9s de 150 edificis de la ciutat de Barcelona. El Festival \u00e9s un projecte transversal que involucra propietat p\u00fablica i privada, t\u00e8cnics i voluntaris. Des de l\u2019organitzaci\u00f3 ens agradaria explicar aquelles an\u00e8cdotes que no [&hellip;]<\/p>\n","protected":false},"author":1,"featured_media":1161,"comment_status":"closed","ping_status":"open","sticky":false,"template":"","format":"standard","meta":{"footnotes":""},"categories":[18],"tags":[75,19,29],"class_list":["post-1201","post","type-post","status-publish","format-standard","has-post-thumbnail","hentry","category-agenda","tag-48h-openhousebcn","tag-arquitectura","tag-barcelona"],"_links":{"self":[{"href":"https:\/\/skills-crush.com\/cafur\/wp-json\/wp\/v2\/posts\/1201","targetHints":{"allow":["GET"]}}],"collection":[{"href":"https:\/\/skills-crush.com\/cafur\/wp-json\/wp\/v2\/posts"}],"about":[{"href":"https:\/\/skills-crush.com\/cafur\/wp-json\/wp\/v2\/types\/post"}],"author":[{"embeddable":true,"href":"https:\/\/skills-crush.com\/cafur\/wp-json\/wp\/v2\/users\/1"}],"replies":[{"embeddable":true,"href":"https:\/\/skills-crush.com\/cafur\/wp-json\/wp\/v2\/comments?post=1201"}],"version-history":[{"count":0,"href":"https:\/\/skills-crush.com\/cafur\/wp-json\/wp\/v2\/posts\/1201\/revisions"}],"wp:featuredmedia":[{"embeddable":true,"href":"https:\/\/skills-crush.com\/cafur\/wp-json\/"}],"wp:attachment":[{"href":"https:\/\/skills-crush.com\/cafur\/wp-json\/wp\/v2\/media?parent=1201"}],"wp:term":[{"taxonomy":"category","embeddable":true,"href":"https:\/\/skills-crush.com\/cafur\/wp-json\/wp\/v2\/categories?post=1201"},{"taxonomy":"post_tag","embeddable":true,"href":"https:\/\/skills-crush.com\/cafur\/wp-json\/wp\/v2\/tags?post=1201"}],"curies":[{"name":"wp","href":"https:\/\/api.w.org\/{rel}","templated":true}]}}