{"id":1112,"date":"2015-09-16T05:39:35","date_gmt":"2015-09-16T03:39:35","guid":{"rendered":"http:\/\/www.cafur.es\/blog\/?p=1112"},"modified":"2015-09-16T05:39:35","modified_gmt":"2015-09-16T03:39:35","slug":"pis-museu-casa-bloc-habitatge-111","status":"publish","type":"post","link":"https:\/\/skills-crush.com\/cafur\/pis-museu-casa-bloc-habitatge-111\/","title":{"rendered":"Edificis amb hist\u00f2ria: Pis-Museu Casa Bloc Habitatge 1\/11"},"content":{"rendered":"<h2>PIS-MUSEU DE LA CASA BLOC, HABITATGE 1\/11<\/h2>\n<p>C. DE L\u2019ALMIRALL PR\u00d2IXIDA\/ PG. DE TORRAS I BAGES<\/p>\n<p>Josep Llu\u00eds Sert, Josep Torres Clav\u00e9 i Joan Baptista Subirana (GATCPAC), 1933-1939;\u00a0rehabilitaci\u00f3 bloc 1: Jaume Sanmart\u00ed i Raimon Torres, 1986; rehabilitaci\u00f3 blocs 2, 3, 4 i 5:\u00a0V\u00edctor Segu\u00ed i Marc Segu\u00ed, 1997-2008; projecte conceptual i museogr\u00e0fic: Marta Montmany,\u00a0Rossend Casanovas.<\/p>\n<p><strong>Busco pis en finca hist\u00f2rica de Barcelona, en un barri ben situat i ben comunicat;\u00a0<\/strong><strong>amb zona comunit\u00e0ria, ascensor i bona orientaci\u00f3; m\u00ednim tres habitacions. Es\u00a0<\/strong><strong>valora terrassa.<\/strong><\/p>\n<p><img fetchpriority=\"high\" decoding=\"async\" class=\"aligncenter size-full wp-image-1119\" src=\"http:\/\/www.cafur.es\/blog\/wp-content\/uploads\/2015\/09\/324_Casa-Bloc_4.jpg\" alt=\"324_Casa Bloc_4\" width=\"844\" height=\"700\" \/><\/p>\n<p>AMIC LLOGATER: -Gr\u00e0cies per ajudar-me, no s\u00e9 ben b\u00e9 qu\u00e8 fem aqu\u00ed, a Sant Andreu, per\u00f2\u00a0d\u2019entrada t\u2019agraeixo que m\u2019acompanyis a buscar pis. M\u2019agradaria trobar un pis en un barri\u00a0ben comunicat. \u00c9s important que sigui en un barri, vull recuperar el fet de viure en un lloc\u00a0amb car\u00e0cter local, on pugui sentir que pertanyo a un entorn i que la gent es compromet\u00a0amb aquest entorn. Sovint donem molta import\u00e0ncia al lloc on viure i, un cop hem escollit el\u00a0lloc, ens en desentenem&#8230; A m\u00e9s, m\u2019agradaria trobar un pis amb car\u00e0cter, amb aquest caliu\u00a0que acostuma a donar la hist\u00f2ria als edificis.<\/p>\n<p>AMIC ARQUITECTE: -T\u2019he portat a la Casa Bloc, on hi ha un pis-museu que es pot visitar,\u00a0perqu\u00e8 crec que t\u2019agradar\u00e0 veure\u2019l: \u00e9s un edifici d\u2019habitatges per a obrers promogut pel\u00a0Govern de la Generalitat l\u2019any 1934, quan arquitectura, pol\u00edtica i societat anaven a l\u2019una.\u00a0Actualment, \u00e9s un referent del moviment modern a Barcelona. Tot el conjunt va ser pensat\u00a0seguint els criteris racionalistes de Le Corbusier: es d\u00f3na prioritat als espais verds i als\u00a0equipaments comuns, se segueixen pautes de funcionalitat, es busquen unes condicions\u00a0\u00f2ptimes d\u2019assolellament i ventilaci\u00f3&#8230;<\/p>\n<p>A. LL.: -B\u00e9, l\u2019edifici pot ser molt pr\u00e0ctic i funcional, per\u00f2 la visita no veig que ho sigui&#8230;<\/p>\n<p>A. A.: -Aquesta forma d\u2019 \u201cS\u201d que t\u00e9 la planta ho soluciona tot: crea dos espais comunitaris\u00a0pels ve\u00efns connectats visualment gr\u00e0cies a que l\u2019edifici s\u2019eleva del terra mitjan\u00e7ant els pilotis\u00a0(pilars). El projecte original contemplava que a la planta baixa s\u2019instal\u00b7l\u00e9s una cooperativa,\u00a0una biblioteca, una guarderia, banys p\u00fablics i un club social; per\u00f2 la Guerra Civil va impedir\u00a0que el projecte es concret\u00e9s i, enlloc dels obrers, els militars i els seus familiars van ser els\u00a0qui van ocupar els cinc blocs. Per sort, el conjunt ha estat rehabilitat i hem pogut recuperar\u00a0la mem\u00f2ria col\u00b7lectiva de la ciutat. Tu ho has dit: si perdem la mem\u00f2ria, perdem el sentit!<\/p>\n<p><img decoding=\"async\" class=\"aligncenter size-large wp-image-1120\" src=\"http:\/\/www.cafur.es\/blog\/wp-content\/uploads\/2015\/09\/casa-bloc-1-1024x682.jpg\" alt=\"casa-bloc-1\" width=\"700\" height=\"466\" \/><\/p>\n<p>A. LL.: -I com s\u00f3n els habitatges? Ara mateix necessito tres habitacions i tamb\u00e9 \u00e9s molt\u00a0important que el pis estigui ben orientat&#8230;<\/p>\n<p>A. A.: -Anem a pams: com pots veure, s\u2019accedeix als habitatges per uns corredors exteriors\u00a0que la gent utilitza com una extensi\u00f3 de casa seva, hi posa plantes i s\u2019hi asseu a fer petar la\u00a0xerrada. No volies vida comunit\u00e0ria?<\/p>\n<p>A. LL.: -M\u2019agrada&#8230;<\/p>\n<p>A. A.: -Entrem al pis: tots els habitatges s\u00f3n d\u00faplex perqu\u00e8 aix\u00ed s\u2019abaratien els costos de\u00a0construcci\u00f3. A la planta baixa tenim cuina, bany-safareig, menjador i terrassa. Est\u00e0 tot\u00a0pensat: la cuina i el bany donen al corredor d\u2019acc\u00e9s (orientat a nord o a oest), i preserven la\u00a0intimitat gr\u00e0cies a aquestes finestres que estan situades m\u00e9s amunt del normal. La sala i la\u00a0terrassa s\u2019orienten a sud o a est buscant el bon assolellament. Fixa-t\u2019hi b\u00e9, tot l\u2019habitatge t\u00e9\u00a0ventilaci\u00f3 creuada i totes les habitacions reben llum natural de l\u2019\u00e0mplia zona comunit\u00e0ria o\u00a0del carrer!<\/p>\n<p>A. LL.: -M\u2019agrada: no hi ha cap celobert, tot ventila b\u00e9 i, a m\u00e9s, tens bones vistes! Tamb\u00e9\u00a0m\u2019agrada la sortida del menjador a la terrassa&#8230;<\/p>\n<p>A. A.: -Gr\u00e0cies a l\u2019esfor\u00e7 que es va fer en muse\u00eftzar aquest pis, ara podem apreciar detalls\u00a0com el de la terrassa: el nivell del terra de la terrassa i del menjador \u00e9s el mateix i, si\u00a0plegues les tres portes que separen els dos espais, aconsegueixes un espai totalment\u00a0continu. Tamb\u00e9 es va recuperar el color original de l\u2019edifici, eliminant les capes de paper que\u00a0s\u2019hi van trobar; i, gr\u00e0cies a que els ve\u00efns van aportar les seves viv\u00e8ncies i fotografies\u00a0familiars, es van poder recuperar elements com els tiradors i els interruptors de l\u2019\u00e8poca. Un\u00a0ve\u00ed, fins i tot, va aportar 80m\u00b2 de paviment hidr\u00e0ulic original del seu pis!<\/p>\n<p>A. LL.: -M\u2019ha agradat molt venir, ara veig clarament les coses importants amb les quals m\u2019he\u00a0de fixar a l\u2019hora d\u2019escollir pis.<\/p>\n<p>&nbsp;<\/p>\n<p><strong>Com visitar l\u2019edifici:<\/strong><\/p>\n<p><strong>Aprofiteu l\u2019oportunitat que ofereix el festival 48h Open House BCN el 24 i 25 d\u2019octubre de 2015:<\/strong><\/p>\n<p><strong>http:\/\/www.48hopenhousebarcelona.org\/<\/strong><\/p>\n<p>Texte:<\/p>\n<p>Anna Argelag\u00f3s i Millan<br \/>\nArquitecta. Open House Barcelona<\/p>\n","protected":false},"excerpt":{"rendered":"<p>PIS-MUSEU DE LA CASA BLOC, HABITATGE 1\/11 C. DE L\u2019ALMIRALL PR\u00d2IXIDA\/ PG. DE TORRAS I BAGES Josep Llu\u00eds Sert, Josep Torres Clav\u00e9 i Joan Baptista Subirana (GATCPAC), 1933-1939;\u00a0rehabilitaci\u00f3 bloc 1: Jaume Sanmart\u00ed i Raimon Torres, 1986; rehabilitaci\u00f3 blocs 2, 3, 4 i 5:\u00a0V\u00edctor Segu\u00ed i Marc Segu\u00ed, 1997-2008; projecte conceptual i museogr\u00e0fic: Marta Montmany,\u00a0Rossend Casanovas. [&hellip;]<\/p>\n","protected":false},"author":1,"featured_media":1116,"comment_status":"closed","ping_status":"open","sticky":false,"template":"","format":"standard","meta":{"footnotes":""},"categories":[61],"tags":[75,19,59],"class_list":["post-1112","post","type-post","status-publish","format-standard","has-post-thumbnail","hentry","category-edifici-del-mes","tag-48h-openhousebcn","tag-arquitectura","tag-museus"],"_links":{"self":[{"href":"https:\/\/skills-crush.com\/cafur\/wp-json\/wp\/v2\/posts\/1112","targetHints":{"allow":["GET"]}}],"collection":[{"href":"https:\/\/skills-crush.com\/cafur\/wp-json\/wp\/v2\/posts"}],"about":[{"href":"https:\/\/skills-crush.com\/cafur\/wp-json\/wp\/v2\/types\/post"}],"author":[{"embeddable":true,"href":"https:\/\/skills-crush.com\/cafur\/wp-json\/wp\/v2\/users\/1"}],"replies":[{"embeddable":true,"href":"https:\/\/skills-crush.com\/cafur\/wp-json\/wp\/v2\/comments?post=1112"}],"version-history":[{"count":0,"href":"https:\/\/skills-crush.com\/cafur\/wp-json\/wp\/v2\/posts\/1112\/revisions"}],"wp:featuredmedia":[{"embeddable":true,"href":"https:\/\/skills-crush.com\/cafur\/wp-json\/"}],"wp:attachment":[{"href":"https:\/\/skills-crush.com\/cafur\/wp-json\/wp\/v2\/media?parent=1112"}],"wp:term":[{"taxonomy":"category","embeddable":true,"href":"https:\/\/skills-crush.com\/cafur\/wp-json\/wp\/v2\/categories?post=1112"},{"taxonomy":"post_tag","embeddable":true,"href":"https:\/\/skills-crush.com\/cafur\/wp-json\/wp\/v2\/tags?post=1112"}],"curies":[{"name":"wp","href":"https:\/\/api.w.org\/{rel}","templated":true}]}}